{"id":2158,"date":"2024-04-30T13:03:20","date_gmt":"2024-04-30T13:03:20","guid":{"rendered":"https:\/\/radiogjilani.com\/index.php\/2024\/04\/30\/mexhiti-spergjigjet-nese-ka-folur-me-mickoskin-per-ndryshimet-kushtetuese-do-jemi-pjese-e-qeverise\/"},"modified":"2024-04-30T13:03:20","modified_gmt":"2024-04-30T13:03:20","slug":"mexhiti-spergjigjet-nese-ka-folur-me-mickoskin-per-ndryshimet-kushtetuese-do-jemi-pjese-e-qeverise","status":"publish","type":"post","link":"https:\/\/radiogjilani.com\/index.php\/2024\/04\/30\/mexhiti-spergjigjet-nese-ka-folur-me-mickoskin-per-ndryshimet-kushtetuese-do-jemi-pjese-e-qeverise\/","title":{"rendered":"Mexhiti s\u2019p\u00ebrgjigjet n\u00ebse ka folur me Mickoskin p\u00ebr ndryshimet kushtetuese: Do jemi pjes\u00eb e qeveris\u00eb"},"content":{"rendered":"<p>Kryetari i L\u00ebvizjes Demokratike, pjes\u00eb e koalicionin \u201cVLEN\u201d, Izet Mexhiti, nuk \u00ebsht\u00eb p\u00ebrgjigjur n\u00ebse ka biseduar me liderin nacionalist t\u00eb VMRO-DPMNE-s\u00eb, Hristjan Mickoski, p\u00ebr ndryshimet kushtetuese, t\u00eb domosdoshme p\u00ebr integrimin e Maqedonis\u00eb s\u00eb Veriut n\u00eb Bashkimin Evropian.<\/p>\n<p>K\u00ebto komente, Mexhiti i ka b\u00ebr\u00eb n\u00eb nj\u00eb prononcim para gazetar\u00ebve , derisa ka th\u00ebn\u00eb se k\u00ebto do t\u00eb jen\u00eb tema q\u00eb do t\u2019i diskutojn\u00eb gjat\u00eb p\u00ebrpilimit t\u00eb programit qeveris\u00ebs.<\/p>\n<p>\u201cQ\u00ebndrimi jon\u00eb \u00ebsht\u00eb se do t\u00eb jemi pjes\u00eb e qeveris\u00eb, t\u00eb nj\u00eb qeverie e cila do t\u00eb jet\u00eb e orientuar drejt integrimeve evropiane, do t\u00eb jemi faktor q\u00eb do t\u00eb kontribuoj\u00eb n\u00eb k\u00ebt\u00eb drejtim\u201d, tha Mexhiti.<\/p>\n<p>Ai theksoi se meq\u00eb tani jan\u00eb t\u00eb fokusuar me votuesin, \u201ck\u00ebto do t\u00eb jen\u00eb tema kur do t\u00eb ulemi dhe t\u00eb bisedojm\u00eb programin e qeveris\u00eb\u201d.<\/p>\n<p>Se koalicioni \u201cVLEN\u201d, pretendon t\u00eb jet\u00eb pjes\u00eb e qeveris\u00eb s\u00eb ardhshme maqedonase, ndon\u00ebse pa p\u00ebrfunduar procesi elektoral, pasi q\u00eb i humb\u00ebn zgjedhjet presidenciale, dhe madje pa i v\u00ebn\u00eb kusht ndryshimet kushtetuese, e kan\u00eb th\u00ebn\u00eb edhe dy lider\u00ebt e tjer\u00eb t\u00eb \u201cVLEN\u201d-it, Bilall Kasami dhe <a href=\"https:\/\/albanianpost.com\/gashi-pa-asnje-diskutim-duhet-te-jemi-pjese-e-pushtetit-sguxon-te-kete-qeveri-pa-vlen-in\/\">Afrim Gashi.<\/a><\/p>\n<blockquote class=\"wp-embedded-content\" data-secret=\"pRhHRe1oUq\">\n<p><a href=\"https:\/\/albanianpost.com\/kasami-konfirmon-se-do-te-kete-qeveri-me-vmro-ne-eshte-paralajmeruar-se-vlen-do-jete-pjese-e-ekzekutivit\/\">Kasami konfirmon se do t\u00eb ket\u00eb qeveri me VMRO-n\u00eb: \u00cbsht\u00eb paralajm\u00ebruar se VLEN do jet\u00eb pjes\u00eb e ekzekutivit<\/a><\/p>\n<\/blockquote>\n<p>Nga ana tjet\u00ebr, edhe vet\u00eb Mickoski ka th\u00ebn\u00eb se nuk ka d\u00ebgjuar nga opozita shqiptare se i kan\u00eb kusht ndryshimet kushtetuese p\u00ebr t\u2019u b\u00ebr\u00eb pjes\u00eb e qeveris\u00eb q\u00eb do dal\u00eb nga zgjedhjet e 8 majit.<\/p>\n<blockquote class=\"wp-embedded-content\" data-secret=\"zRG08KMFKh\">\n<p><a href=\"https:\/\/albanianpost.com\/mickoski-qeverine-e-re-e-formon-vmro-ja-me-vlen-skam-degjuar-se-i-kane-kusht-ndryshimet-kushtetuese\/\">Mickoski: Qeverin\u00eb e re e formon VMRO-ja me VLEN \u2013 s\u2019kam d\u00ebgjuar se i kan\u00eb kusht ndryshimet kushtetuese<\/a><\/p>\n<\/blockquote>\n<p>The post <a rel=\"nofollow\" href=\"https:\/\/albanianpost.com\/mexhiti-spergjigjet-nese-ka-folur-me-mickoskin-per-ndryshimet-kushtetuese-do-jemi-pjese-e-qeverise\/\">Mexhiti s\u2019p\u00ebrgjigjet n\u00ebse ka folur me Mickoskin p\u00ebr ndryshimet kushtetuese: Do jemi pjes\u00eb e qeveris\u00eb<\/a> appeared first on <a rel=\"nofollow\" href=\"https:\/\/albanianpost.com\/\">Albanian Post<\/a>.<\/p>\n","protected":false},"excerpt":{"rendered":"<p>Kryetari i L\u00ebvizjes Demokratike, pjes\u00eb e koalicionin \u201cVLEN\u201d, Izet Mexhiti, nuk \u00ebsht\u00eb p\u00ebrgjigjur n\u00ebse ka biseduar me liderin nacionalist t\u00eb VMRO-DPMNE-s\u00eb, Hristjan Mickoski, p\u00ebr ndryshimet kushtetuese, t\u00eb domosdoshme p\u00ebr integrimin e Maqedonis\u00eb s\u00eb Veriut n\u00eb Bashkimin Evropian. K\u00ebto komente, Mexhiti i ka b\u00ebr\u00eb n\u00eb nj\u00eb prononcim para gazetar\u00ebve , derisa ka th\u00ebn\u00eb se k\u00ebto do [&hellip;]<\/p>\n","protected":false},"author":1,"featured_media":2159,"comment_status":"open","ping_status":"open","sticky":false,"template":"","format":"standard","meta":{"footnotes":""},"categories":[1],"tags":[],"class_list":["post-2158","post","type-post","status-publish","format-standard","has-post-thumbnail","hentry","category-uncategorized"],"_links":{"self":[{"href":"https:\/\/radiogjilani.com\/index.php\/wp-json\/wp\/v2\/posts\/2158","targetHints":{"allow":["GET"]}}],"collection":[{"href":"https:\/\/radiogjilani.com\/index.php\/wp-json\/wp\/v2\/posts"}],"about":[{"href":"https:\/\/radiogjilani.com\/index.php\/wp-json\/wp\/v2\/types\/post"}],"author":[{"embeddable":true,"href":"https:\/\/radiogjilani.com\/index.php\/wp-json\/wp\/v2\/users\/1"}],"replies":[{"embeddable":true,"href":"https:\/\/radiogjilani.com\/index.php\/wp-json\/wp\/v2\/comments?post=2158"}],"version-history":[{"count":0,"href":"https:\/\/radiogjilani.com\/index.php\/wp-json\/wp\/v2\/posts\/2158\/revisions"}],"wp:featuredmedia":[{"embeddable":true,"href":"https:\/\/radiogjilani.com\/index.php\/wp-json\/wp\/v2\/media\/2159"}],"wp:attachment":[{"href":"https:\/\/radiogjilani.com\/index.php\/wp-json\/wp\/v2\/media?parent=2158"}],"wp:term":[{"taxonomy":"category","embeddable":true,"href":"https:\/\/radiogjilani.com\/index.php\/wp-json\/wp\/v2\/categories?post=2158"},{"taxonomy":"post_tag","embeddable":true,"href":"https:\/\/radiogjilani.com\/index.php\/wp-json\/wp\/v2\/tags?post=2158"}],"curies":[{"name":"wp","href":"https:\/\/api.w.org\/{rel}","templated":true}]}}