{"id":2164,"date":"2024-04-30T13:03:17","date_gmt":"2024-04-30T13:03:17","guid":{"rendered":"https:\/\/radiogjilani.com\/index.php\/2024\/04\/30\/mbrojtesi-i-real-madrid-it-terheq-interesimin-e-borussia-dortmund-it\/"},"modified":"2024-04-30T13:03:17","modified_gmt":"2024-04-30T13:03:17","slug":"mbrojtesi-i-real-madrid-it-terheq-interesimin-e-borussia-dortmund-it","status":"publish","type":"post","link":"https:\/\/radiogjilani.com\/index.php\/2024\/04\/30\/mbrojtesi-i-real-madrid-it-terheq-interesimin-e-borussia-dortmund-it\/","title":{"rendered":"Mbrojt\u00ebsi i Real Madrid-it t\u00ebrheq interesimin e Borussia Dortmund-it"},"content":{"rendered":"<p>Gjigant\u00ebt e Bundesliga-s, Borussia Dortmund thuhet se mund t\u2019i ofrojn\u00eb nj\u00ebrit prej mbrojt\u00ebsve t\u00eb pad\u00ebshiruar t\u00eb Real Madrid-it nj\u00eb rrug\u00eb shp\u00ebtimi nga \u201cBernabeu\u201d.<\/p>\n<p>Mbrojt\u00ebsi i majt\u00eb, Fran Garcia m\u00ebsoi profesionin e tij te Castilla nga 2015 deri n\u00eb 2021, por ai nuk arriti t\u00eb b\u00ebnte p\u00ebrparim n\u00eb ekipin e par\u00eb dhe u shit te Rayo Vallecano p\u00ebr vet\u00ebm 2 milion\u00eb euro n\u00eb 2021.<\/p>\n<p>Megjithat\u00eb, pas nj\u00eb periudhe t\u00eb suksesshme dyvje\u00e7are me homolog\u00ebt e Real-it n\u00eb La Liga, Garcia u kthye n\u00eb \u201cBernabeu\u201d n\u00eb ver\u00ebn e vitit 2023, pasi \u201cLos Blancos\u201d shkaktoi klauzol\u00ebn e tij t\u00eb lirimit prej 5 milion\u00eb eurosh.<\/p>\n<p>Garcia \u00ebsht\u00eb paraqitur n\u00eb 28 raste n\u00eb t\u00eb gjitha garat p\u00ebr skuadr\u00ebn e Carlo Ancelotti-t n\u00eb sezonin aktual, duke regjistruar pes\u00eb asistime, nd\u00ebrsa ai ka b\u00ebr\u00eb gjithashtu dy paraqitjet e tij t\u00eb para p\u00ebr Spanj\u00ebn q\u00eb nga ribashkimi me \u201cLos Blancos\u201d.<\/p>\n<p>Megjithat\u00eb, 24-vje\u00e7ari \u00ebsht\u00eb pas Ferland Mendy-t n\u00eb renditjen e krahut t\u00eb majt\u00eb n\u00eb Madrid dhe ka nisur vet\u00ebm 12 ndeshje n\u00eb sezonin 2023-24 t\u00eb La Liga-s, p\u00ebrve\u00e7 dy ndeshjeve t\u00eb Champions League.<\/p>\n<p>P\u00ebr m\u00eb tep\u00ebr, q\u00eb nga p\u00ebrparimi i Real Madrid-it nga faza e grupeve, Garcia nuk ka fituar asnj\u00eb minut\u00eb n\u00eb kat\u00ebr ndeshjet me eliminim direkt t\u00eb \u201cLos Blancos\u201d me RB Leipzig-un dhe Manchester City-n.<\/p>\n<p>Pavar\u00ebsisht se fitoi nj\u00eb fillim n\u00eb fitoren e s\u00eb premtes s\u00eb kaluar n\u00eb La Liga ndaj Real Sociedad me Mendy-n t\u00eb pushuar, Garcia pritet t\u2019i l\u00ebr\u00eb vendin e tij francezit t\u00eb mart\u00ebn, nd\u00ebrsa djemt\u00eb e Ancelotti-t shkojn\u00eb n\u00eb \u201cAllianz Arena\u201d p\u00ebr ndeshjen e par\u00eb me Bayern-in.<\/p>\n<p>Me Real Madrid-in q\u00eb synon nj\u00eb p\u00ebrforcim t\u00eb ri n\u00eb krahun e majt\u00eb si Alphonso Davies k\u00ebt\u00eb ver\u00eb ose ver\u00ebn e ardhshme, Garcia s\u00eb shpejti mund t\u00eb shkoj\u00eb drejt der\u00ebs s\u00eb daljes, pavar\u00ebsisht nga kontrata e tij deri n\u00eb ver\u00ebn e vitit 2027.<\/p>\n<p>Sipas \u201cFichajes\u201d, Dortmund-i tani \u00ebsht\u00eb shfaqur si pretendent p\u00ebr t\u00eb n\u00ebnshkruar me reprezentuesin spanjoll k\u00ebt\u00eb ver\u00eb dhe Real Madrid-i nuk do t\u00eb kishte asnj\u00eb shqet\u00ebsim p\u00ebr ta shitur at\u00eb.<\/p>\n<p>Nd\u00ebrsa Garcia mund t\u00eb jet\u00eb i hapur p\u00ebr t\u2019u bashkuar me fuqit\u00eb gjermane p\u00ebr 2024-25, ai me sa duket po t\u00ebrheq interes nga e gjith\u00eb Evropa, k\u00ebshtu q\u00eb Dortmund-i do t\u00eb p\u00ebrballet me nj\u00eb konkurrenc\u00eb t\u00eb fort\u00eb p\u00ebr ta mbajtur at\u00eb larg Spanj\u00ebs.<\/p>\n<p>The post <a rel=\"nofollow\" href=\"https:\/\/albanianpost.com\/mbrojtesi-i-real-madrid-it-terheq-interesimin-e-borussia-dortmund-it\/\">Mbrojt\u00ebsi i Real Madrid-it t\u00ebrheq interesimin e Borussia Dortmund-it<\/a> appeared first on <a rel=\"nofollow\" href=\"https:\/\/albanianpost.com\/\">Albanian Post<\/a>.<\/p>\n","protected":false},"excerpt":{"rendered":"<p>Gjigant\u00ebt e Bundesliga-s, Borussia Dortmund thuhet se mund t\u2019i ofrojn\u00eb nj\u00ebrit prej mbrojt\u00ebsve t\u00eb pad\u00ebshiruar t\u00eb Real Madrid-it nj\u00eb rrug\u00eb shp\u00ebtimi nga \u201cBernabeu\u201d. Mbrojt\u00ebsi i majt\u00eb, Fran Garcia m\u00ebsoi profesionin e tij te Castilla nga 2015 deri n\u00eb 2021, por ai nuk arriti t\u00eb b\u00ebnte p\u00ebrparim n\u00eb ekipin e par\u00eb dhe u shit te Rayo [&hellip;]<\/p>\n","protected":false},"author":1,"featured_media":2165,"comment_status":"open","ping_status":"open","sticky":false,"template":"","format":"standard","meta":{"footnotes":""},"categories":[1],"tags":[],"class_list":["post-2164","post","type-post","status-publish","format-standard","has-post-thumbnail","hentry","category-uncategorized"],"_links":{"self":[{"href":"https:\/\/radiogjilani.com\/index.php\/wp-json\/wp\/v2\/posts\/2164","targetHints":{"allow":["GET"]}}],"collection":[{"href":"https:\/\/radiogjilani.com\/index.php\/wp-json\/wp\/v2\/posts"}],"about":[{"href":"https:\/\/radiogjilani.com\/index.php\/wp-json\/wp\/v2\/types\/post"}],"author":[{"embeddable":true,"href":"https:\/\/radiogjilani.com\/index.php\/wp-json\/wp\/v2\/users\/1"}],"replies":[{"embeddable":true,"href":"https:\/\/radiogjilani.com\/index.php\/wp-json\/wp\/v2\/comments?post=2164"}],"version-history":[{"count":0,"href":"https:\/\/radiogjilani.com\/index.php\/wp-json\/wp\/v2\/posts\/2164\/revisions"}],"wp:featuredmedia":[{"embeddable":true,"href":"https:\/\/radiogjilani.com\/index.php\/wp-json\/wp\/v2\/media\/2165"}],"wp:attachment":[{"href":"https:\/\/radiogjilani.com\/index.php\/wp-json\/wp\/v2\/media?parent=2164"}],"wp:term":[{"taxonomy":"category","embeddable":true,"href":"https:\/\/radiogjilani.com\/index.php\/wp-json\/wp\/v2\/categories?post=2164"},{"taxonomy":"post_tag","embeddable":true,"href":"https:\/\/radiogjilani.com\/index.php\/wp-json\/wp\/v2\/tags?post=2164"}],"curies":[{"name":"wp","href":"https:\/\/api.w.org\/{rel}","templated":true}]}}