{"id":2168,"date":"2024-04-30T13:03:15","date_gmt":"2024-04-30T13:03:15","guid":{"rendered":"https:\/\/radiogjilani.com\/index.php\/2024\/04\/30\/policia-thote-se-13-vjecari-i-plagosur-ne-sulmin-ne-hainault-ka-vdekur\/"},"modified":"2024-04-30T13:03:15","modified_gmt":"2024-04-30T13:03:15","slug":"policia-thote-se-13-vjecari-i-plagosur-ne-sulmin-ne-hainault-ka-vdekur","status":"publish","type":"post","link":"https:\/\/radiogjilani.com\/index.php\/2024\/04\/30\/policia-thote-se-13-vjecari-i-plagosur-ne-sulmin-ne-hainault-ka-vdekur\/","title":{"rendered":"Policia thot\u00eb se 13-vje\u00e7ari i plagosur n\u00eb sulmin n\u00eb Hainault ka vdekur"},"content":{"rendered":"<p>Policia Metropolitane tha se nj\u00eb djal\u00eb 13-vje\u00e7ar i plagosur n\u00eb sulmin n\u00eb Hainault ka vdekur pasi kishte shkuar n\u00eb spital.<\/p>\n<p>Nd\u00ebrsa b\u00ebhet me dije se pes\u00eb persona u plagos\u00ebn n\u00eb sulm: tre qytetar\u00eb dhe dy polic\u00eb.<\/p>\n<p>Nj\u00eb burr\u00eb me shpat\u00eb \u00ebsht\u00eb arrestuar pas nj\u00eb sulmi ndaj pjes\u00ebtar\u00ebve t\u00eb publikut dhe oficer\u00ebve t\u00eb policis\u00eb n\u00eb zon\u00ebn Hainault t\u00eb Londr\u00ebs.<\/p>\n<p>N\u00eb nj\u00eb deklarat\u00eb, Policia Metropolitane tha: \u201cPolicia dhe sh\u00ebrbimet e tjera t\u00eb urgjenc\u00ebs jan\u00eb n\u00eb Hainault, n\u00eb lindje t\u00eb Londr\u00ebs, n\u00eb nj\u00eb incident t\u00eb r\u00ebnd\u00eb n\u00eb t\u00eb cilin \u00ebsht\u00eb arrestuar nj\u00eb burr\u00eb me shpat\u00eb\u201d.<\/p>\n<p>\u201cNe u thirr\u00ebm pak para or\u00ebs 7 t\u00eb m\u00ebngjesit p\u00ebr t\u00eb raportuar se nj\u00eb automjet po futej n\u00eb nj\u00eb sht\u00ebpi n\u00eb zon\u00ebn e Thurlow Gardens. Kishte raporte se njer\u00ebzit ishin therur me thik\u00eb. N\u00eb k\u00ebt\u00eb koh\u00eb ne e kuptojm\u00eb se i dyshuari vazhdoi t\u00eb sulmonte an\u00ebtar\u00ebt e tjer\u00eb t\u00eb publikut dhe dy oficer\u00eb policie\u201d.<\/p>\n<div class=\"twitter-tweet twitter-tweet-rendered\"><\/div>\n<p>The post <a rel=\"nofollow\" href=\"https:\/\/albanianpost.com\/policia-thote-se-13-vjecari-i-plagosur-ne-sulmin-ne-hainault-ka-vdekur\/\">Policia thot\u00eb se 13-vje\u00e7ari i plagosur n\u00eb sulmin n\u00eb Hainault ka vdekur<\/a> appeared first on <a rel=\"nofollow\" href=\"https:\/\/albanianpost.com\/\">Albanian Post<\/a>.<\/p>\n","protected":false},"excerpt":{"rendered":"<p>Policia Metropolitane tha se nj\u00eb djal\u00eb 13-vje\u00e7ar i plagosur n\u00eb sulmin n\u00eb Hainault ka vdekur pasi kishte shkuar n\u00eb spital. Nd\u00ebrsa b\u00ebhet me dije se pes\u00eb persona u plagos\u00ebn n\u00eb sulm: tre qytetar\u00eb dhe dy polic\u00eb. Nj\u00eb burr\u00eb me shpat\u00eb \u00ebsht\u00eb arrestuar pas nj\u00eb sulmi ndaj pjes\u00ebtar\u00ebve t\u00eb publikut dhe oficer\u00ebve t\u00eb policis\u00eb n\u00eb zon\u00ebn [&hellip;]<\/p>\n","protected":false},"author":1,"featured_media":2169,"comment_status":"open","ping_status":"open","sticky":false,"template":"","format":"standard","meta":{"footnotes":""},"categories":[1],"tags":[],"class_list":["post-2168","post","type-post","status-publish","format-standard","has-post-thumbnail","hentry","category-uncategorized"],"_links":{"self":[{"href":"https:\/\/radiogjilani.com\/index.php\/wp-json\/wp\/v2\/posts\/2168","targetHints":{"allow":["GET"]}}],"collection":[{"href":"https:\/\/radiogjilani.com\/index.php\/wp-json\/wp\/v2\/posts"}],"about":[{"href":"https:\/\/radiogjilani.com\/index.php\/wp-json\/wp\/v2\/types\/post"}],"author":[{"embeddable":true,"href":"https:\/\/radiogjilani.com\/index.php\/wp-json\/wp\/v2\/users\/1"}],"replies":[{"embeddable":true,"href":"https:\/\/radiogjilani.com\/index.php\/wp-json\/wp\/v2\/comments?post=2168"}],"version-history":[{"count":0,"href":"https:\/\/radiogjilani.com\/index.php\/wp-json\/wp\/v2\/posts\/2168\/revisions"}],"wp:featuredmedia":[{"embeddable":true,"href":"https:\/\/radiogjilani.com\/index.php\/wp-json\/wp\/v2\/media\/2169"}],"wp:attachment":[{"href":"https:\/\/radiogjilani.com\/index.php\/wp-json\/wp\/v2\/media?parent=2168"}],"wp:term":[{"taxonomy":"category","embeddable":true,"href":"https:\/\/radiogjilani.com\/index.php\/wp-json\/wp\/v2\/categories?post=2168"},{"taxonomy":"post_tag","embeddable":true,"href":"https:\/\/radiogjilani.com\/index.php\/wp-json\/wp\/v2\/tags?post=2168"}],"curies":[{"name":"wp","href":"https:\/\/api.w.org\/{rel}","templated":true}]}}