{"id":2184,"date":"2024-05-01T13:06:48","date_gmt":"2024-05-01T13:06:48","guid":{"rendered":"https:\/\/radiogjilani.com\/index.php\/2024\/05\/01\/anketa-dritan-abazoviq-dhe-ura-me-rritjen-me-te-madhe-ne-mal-te-zi-dps-e-gjukanoviqit-del-e-para\/"},"modified":"2024-05-01T13:06:48","modified_gmt":"2024-05-01T13:06:48","slug":"anketa-dritan-abazoviq-dhe-ura-me-rritjen-me-te-madhe-ne-mal-te-zi-dps-e-gjukanoviqit-del-e-para","status":"publish","type":"post","link":"https:\/\/radiogjilani.com\/index.php\/2024\/05\/01\/anketa-dritan-abazoviq-dhe-ura-me-rritjen-me-te-madhe-ne-mal-te-zi-dps-e-gjukanoviqit-del-e-para\/","title":{"rendered":"Anketa: Dritan Abazoviq dhe URA me rritjen m\u00eb t\u00eb madhe n\u00eb Mal t\u00eb Zi, DPS e Gjukanoviqit del e para"},"content":{"rendered":"<p>N\u00eb Mal t\u00eb Zi \u00ebsht\u00eb kryer anketa e rregullt mujore nga agjencia IPSOS mbi renditjen e subjekteve politike dhe t\u00eb politikan\u00ebve, t\u00eb cil\u00ebn e ka par\u00eb Klan Kosova. Sipas renditjes, partia URA e shqiptarit, Dritan Abazoviq, ka sh\u00ebnuar rritjen m\u00eb t\u00eb madhe krahasuar me rezultatet e zgjedhjeve t\u00eb vitit 2023. 13 p\u00ebrqind t\u00eb respondent\u00ebve t\u00eb IPSOS jan\u00eb shprehur se do ta votonin L\u00ebvizjen URA, q\u00eb \u00ebsht\u00eb m\u00eb se 100&#8230;<\/p>\n<p><a href=\"https:\/\/ekonomiaonline.com\/anketa-dritan-abazoviq-dhe-ura-me-rritjen-me-te-madhe-ne-mal-te-zi-dps-e-gjukanoviqit-del-e-para\/\" rel=\"nofollow\">Source<\/a><\/p>\n","protected":false},"excerpt":{"rendered":"<p>N\u00eb Mal t\u00eb Zi \u00ebsht\u00eb kryer anketa e rregullt mujore nga agjencia IPSOS mbi renditjen e subjekteve politike dhe t\u00eb politikan\u00ebve, t\u00eb cil\u00ebn e ka par\u00eb Klan Kosova. Sipas renditjes, partia URA e shqiptarit, Dritan Abazoviq, ka sh\u00ebnuar rritjen m\u00eb t\u00eb madhe krahasuar me rezultatet e zgjedhjeve t\u00eb vitit 2023. 13 p\u00ebrqind t\u00eb respondent\u00ebve t\u00eb [&hellip;]<\/p>\n","protected":false},"author":1,"featured_media":2185,"comment_status":"open","ping_status":"open","sticky":false,"template":"","format":"standard","meta":{"footnotes":""},"categories":[19],"tags":[],"class_list":["post-2184","post","type-post","status-publish","format-standard","has-post-thumbnail","hentry","category-eko"],"_links":{"self":[{"href":"https:\/\/radiogjilani.com\/index.php\/wp-json\/wp\/v2\/posts\/2184","targetHints":{"allow":["GET"]}}],"collection":[{"href":"https:\/\/radiogjilani.com\/index.php\/wp-json\/wp\/v2\/posts"}],"about":[{"href":"https:\/\/radiogjilani.com\/index.php\/wp-json\/wp\/v2\/types\/post"}],"author":[{"embeddable":true,"href":"https:\/\/radiogjilani.com\/index.php\/wp-json\/wp\/v2\/users\/1"}],"replies":[{"embeddable":true,"href":"https:\/\/radiogjilani.com\/index.php\/wp-json\/wp\/v2\/comments?post=2184"}],"version-history":[{"count":0,"href":"https:\/\/radiogjilani.com\/index.php\/wp-json\/wp\/v2\/posts\/2184\/revisions"}],"wp:featuredmedia":[{"embeddable":true,"href":"https:\/\/radiogjilani.com\/index.php\/wp-json\/wp\/v2\/media\/2185"}],"wp:attachment":[{"href":"https:\/\/radiogjilani.com\/index.php\/wp-json\/wp\/v2\/media?parent=2184"}],"wp:term":[{"taxonomy":"category","embeddable":true,"href":"https:\/\/radiogjilani.com\/index.php\/wp-json\/wp\/v2\/categories?post=2184"},{"taxonomy":"post_tag","embeddable":true,"href":"https:\/\/radiogjilani.com\/index.php\/wp-json\/wp\/v2\/tags?post=2184"}],"curies":[{"name":"wp","href":"https:\/\/api.w.org\/{rel}","templated":true}]}}