{"id":2186,"date":"2024-05-01T13:06:47","date_gmt":"2024-05-01T13:06:47","guid":{"rendered":"https:\/\/radiogjilani.com\/index.php\/2024\/05\/01\/kjo-eshte-data-kur-hapet-ura-e-kukesit\/"},"modified":"2024-05-01T13:06:47","modified_gmt":"2024-05-01T13:06:47","slug":"kjo-eshte-data-kur-hapet-ura-e-kukesit","status":"publish","type":"post","link":"https:\/\/radiogjilani.com\/index.php\/2024\/05\/01\/kjo-eshte-data-kur-hapet-ura-e-kukesit\/","title":{"rendered":"Kjo \u00ebsht\u00eb data kur hapet ura e Kuk\u00ebsit"},"content":{"rendered":"<p>Segmenti tre kilometra i aksit Kuk\u00ebs-Morin\u00eb, pjes\u00eb e Rrug\u00ebs s\u00eb Kombit nga mbikalimi i Gostilit deri te ura e Kuk\u00ebsit \u00ebsht\u00eb hapur sot p\u00ebr qarkullimin e mjeteve. Plot tri jav\u00eb iu desh\u00ebn kompanis\u00eb koncensionare p\u00ebr vendosjen e shtresave t\u00eb stabilizantit dhe asfaltimin e nj\u00ebrit segment rrugor q\u00eb lidh dy an\u00ebt e Ur\u00ebs s\u00eb Re me Rrug\u00ebn e Kombit, nd\u00ebrsa po punohet p\u00ebr p\u00ebrgatitjen p\u00ebr asfaltimin e segmentit&#8230;<\/p>\n<p><a href=\"https:\/\/ekonomiaonline.com\/kjo-eshte-data-kur-hapet-ura-e-kukesit\/\" rel=\"nofollow\">Source<\/a><\/p>\n","protected":false},"excerpt":{"rendered":"<p>Segmenti tre kilometra i aksit Kuk\u00ebs-Morin\u00eb, pjes\u00eb e Rrug\u00ebs s\u00eb Kombit nga mbikalimi i Gostilit deri te ura e Kuk\u00ebsit \u00ebsht\u00eb hapur sot p\u00ebr qarkullimin e mjeteve. Plot tri jav\u00eb iu desh\u00ebn kompanis\u00eb koncensionare p\u00ebr vendosjen e shtresave t\u00eb stabilizantit dhe asfaltimin e nj\u00ebrit segment rrugor q\u00eb lidh dy an\u00ebt e Ur\u00ebs s\u00eb Re me [&hellip;]<\/p>\n","protected":false},"author":1,"featured_media":2187,"comment_status":"open","ping_status":"open","sticky":false,"template":"","format":"standard","meta":{"footnotes":""},"categories":[19],"tags":[],"class_list":["post-2186","post","type-post","status-publish","format-standard","has-post-thumbnail","hentry","category-eko"],"_links":{"self":[{"href":"https:\/\/radiogjilani.com\/index.php\/wp-json\/wp\/v2\/posts\/2186","targetHints":{"allow":["GET"]}}],"collection":[{"href":"https:\/\/radiogjilani.com\/index.php\/wp-json\/wp\/v2\/posts"}],"about":[{"href":"https:\/\/radiogjilani.com\/index.php\/wp-json\/wp\/v2\/types\/post"}],"author":[{"embeddable":true,"href":"https:\/\/radiogjilani.com\/index.php\/wp-json\/wp\/v2\/users\/1"}],"replies":[{"embeddable":true,"href":"https:\/\/radiogjilani.com\/index.php\/wp-json\/wp\/v2\/comments?post=2186"}],"version-history":[{"count":0,"href":"https:\/\/radiogjilani.com\/index.php\/wp-json\/wp\/v2\/posts\/2186\/revisions"}],"wp:featuredmedia":[{"embeddable":true,"href":"https:\/\/radiogjilani.com\/index.php\/wp-json\/wp\/v2\/media\/2187"}],"wp:attachment":[{"href":"https:\/\/radiogjilani.com\/index.php\/wp-json\/wp\/v2\/media?parent=2186"}],"wp:term":[{"taxonomy":"category","embeddable":true,"href":"https:\/\/radiogjilani.com\/index.php\/wp-json\/wp\/v2\/categories?post=2186"},{"taxonomy":"post_tag","embeddable":true,"href":"https:\/\/radiogjilani.com\/index.php\/wp-json\/wp\/v2\/tags?post=2186"}],"curies":[{"name":"wp","href":"https:\/\/api.w.org\/{rel}","templated":true}]}}