{"id":2194,"date":"2024-05-01T13:07:17","date_gmt":"2024-05-01T13:07:17","guid":{"rendered":"https:\/\/radiogjilani.com\/index.php\/2024\/05\/01\/lejoi-ndertimin-pa-leje-te-objektit-ne-pronesi-te-gezim-celes-gjykata-le-ne-burg-drejtorin-e-imt-se\/"},"modified":"2024-05-01T13:07:17","modified_gmt":"2024-05-01T13:07:17","slug":"lejoi-ndertimin-pa-leje-te-objektit-ne-pronesi-te-gezim-celes-gjykata-le-ne-burg-drejtorin-e-imt-se","status":"publish","type":"post","link":"https:\/\/radiogjilani.com\/index.php\/2024\/05\/01\/lejoi-ndertimin-pa-leje-te-objektit-ne-pronesi-te-gezim-celes-gjykata-le-ne-burg-drejtorin-e-imt-se\/","title":{"rendered":"Lejoi nd\u00ebrtimin pa leje t\u00eb objektit n\u00eb pron\u00ebsi t\u00eb G\u00ebzim \u00c7el\u00ebs, Gjykata l\u00eb n\u00eb burg drejtorin e IMT-s\u00eb"},"content":{"rendered":"<p>Gjykata e Lezh\u00ebs ka l\u00ebn\u00eb n\u00eb burg drejtorin e Inspektoratit t\u00eb Mbrojtjes s\u00eb Territorit n\u00eb Kurbin, Jetmir Muzhika, nd\u00ebrsa n\u00eb fuqi ka l\u00ebn\u00eb edhe mas\u00ebn arrest n\u00eb sht\u00ebpi p\u00ebr ish-drejtorin e IKMT Lezh\u00eb, Flori Gjini.<\/p>\n<p>Sa i p\u00ebrket tre inspektor\u00ebve t\u00eb tjer\u00eb ata do t\u00eb mbeten t\u00eb pezulluar nga detyra.<\/p>\n<p>Seanca gjyq\u00ebsore, e cila ka zgjatur m\u00eb shum\u00eb se dy or\u00eb, \u00ebsht\u00eb drejtuar nga gjyqtare Eglantina Biba.<\/p>\n<p>B\u00ebhet fjal\u00eb p\u00ebr subjektin e G\u00ebzim \u00c7el\u00ebs i njohu si \u201cBaroni i Drog\u00ebs\u201d n\u00eb hyrje t\u00eb Patokut ku ishte b\u00ebr\u00eb nj\u00eb shtes\u00eb pa leje.<\/p>\n<p>Hetimet nga Prokuroria e Lezh\u00ebs n\u00ebn drejtim nga Sabri Kastrati kan\u00eb zgjatur prej 6 muajsh.<\/p>\n<p>The post <a rel=\"nofollow\" href=\"https:\/\/albanianpost.com\/lejoi-ndertimin-pa-leje-te-objektit-ne-pronesi-te-gezim-celes-gjykata-le-ne-burg-drejtorin-e-imt-se\/\">Lejoi nd\u00ebrtimin pa leje t\u00eb objektit n\u00eb pron\u00ebsi t\u00eb G\u00ebzim \u00c7el\u00ebs, Gjykata l\u00eb n\u00eb burg drejtorin e IMT-s\u00eb<\/a> appeared first on <a rel=\"nofollow\" href=\"https:\/\/albanianpost.com\/\">Albanian Post<\/a>.<\/p>\n","protected":false},"excerpt":{"rendered":"<p>Gjykata e Lezh\u00ebs ka l\u00ebn\u00eb n\u00eb burg drejtorin e Inspektoratit t\u00eb Mbrojtjes s\u00eb Territorit n\u00eb Kurbin, Jetmir Muzhika, nd\u00ebrsa n\u00eb fuqi ka l\u00ebn\u00eb edhe mas\u00ebn arrest n\u00eb sht\u00ebpi p\u00ebr ish-drejtorin e IKMT Lezh\u00eb, Flori Gjini. Sa i p\u00ebrket tre inspektor\u00ebve t\u00eb tjer\u00eb ata do t\u00eb mbeten t\u00eb pezulluar nga detyra. Seanca gjyq\u00ebsore, e cila ka [&hellip;]<\/p>\n","protected":false},"author":1,"featured_media":2195,"comment_status":"open","ping_status":"open","sticky":false,"template":"","format":"standard","meta":{"footnotes":""},"categories":[1],"tags":[],"class_list":["post-2194","post","type-post","status-publish","format-standard","has-post-thumbnail","hentry","category-uncategorized"],"_links":{"self":[{"href":"https:\/\/radiogjilani.com\/index.php\/wp-json\/wp\/v2\/posts\/2194","targetHints":{"allow":["GET"]}}],"collection":[{"href":"https:\/\/radiogjilani.com\/index.php\/wp-json\/wp\/v2\/posts"}],"about":[{"href":"https:\/\/radiogjilani.com\/index.php\/wp-json\/wp\/v2\/types\/post"}],"author":[{"embeddable":true,"href":"https:\/\/radiogjilani.com\/index.php\/wp-json\/wp\/v2\/users\/1"}],"replies":[{"embeddable":true,"href":"https:\/\/radiogjilani.com\/index.php\/wp-json\/wp\/v2\/comments?post=2194"}],"version-history":[{"count":0,"href":"https:\/\/radiogjilani.com\/index.php\/wp-json\/wp\/v2\/posts\/2194\/revisions"}],"wp:featuredmedia":[{"embeddable":true,"href":"https:\/\/radiogjilani.com\/index.php\/wp-json\/wp\/v2\/media\/2195"}],"wp:attachment":[{"href":"https:\/\/radiogjilani.com\/index.php\/wp-json\/wp\/v2\/media?parent=2194"}],"wp:term":[{"taxonomy":"category","embeddable":true,"href":"https:\/\/radiogjilani.com\/index.php\/wp-json\/wp\/v2\/categories?post=2194"},{"taxonomy":"post_tag","embeddable":true,"href":"https:\/\/radiogjilani.com\/index.php\/wp-json\/wp\/v2\/tags?post=2194"}],"curies":[{"name":"wp","href":"https:\/\/api.w.org\/{rel}","templated":true}]}}