{"id":2256,"date":"2024-05-02T13:21:22","date_gmt":"2024-05-02T13:21:22","guid":{"rendered":"https:\/\/radiogjilani.com\/index.php\/2024\/05\/02\/masat-ndeshkuese-ndaj-kosoves-hiqen-kur-vendosin-shtetet-anetare-thote-stano\/"},"modified":"2024-05-02T13:21:22","modified_gmt":"2024-05-02T13:21:22","slug":"masat-ndeshkuese-ndaj-kosoves-hiqen-kur-vendosin-shtetet-anetare-thote-stano","status":"publish","type":"post","link":"https:\/\/radiogjilani.com\/index.php\/2024\/05\/02\/masat-ndeshkuese-ndaj-kosoves-hiqen-kur-vendosin-shtetet-anetare-thote-stano\/","title":{"rendered":"Masat nd\u00ebshkuese ndaj Kosov\u00ebs hiqen kur vendosin shtetet an\u00ebtare, thot\u00eb Stano"},"content":{"rendered":"<p>Z\u00ebdh\u00ebn\u00ebsi i Bashkimit Evropian, Peter Stano, n\u00eb nj\u00eb konferenc\u00eb p\u00ebr media, ka potencuar se masat nd\u00ebshkuese ndaj Kosov\u00ebs hiqen kur p\u00ebr nj\u00eb gj\u00eb t\u00eb till\u00eb vendosin shtetet an\u00ebtare t\u00eb bllokut evropian, e jo Qeveria e Kosov\u00ebs.<\/p>\n<p>\u201cKur i kemi vendosur masat kemi th\u00ebn\u00eb se ato jan\u00eb t\u00eb p\u00ebrkohshme dhe mund t\u00eb hiqen. Por, p\u00ebr k\u00ebt\u00eb vendosin vendet an\u00ebtare t\u00eb BE-s\u00eb, e jo Qeveria e Kosov\u00ebs\u201d, ka th\u00ebn\u00eb ai.<\/p>\n<p>Stano ka pranuar se mbajtja e votimeve n\u00eb komunat n\u00eb Veri t\u00eb Kosov\u00ebs, ishte nj\u00eb prej disa kushteve q\u00eb BE-ja vendosi p\u00ebr heqjen e masave ndaj Kosov\u00ebs.<\/p>\n<p>\u201cMasat nuk ishin vendosur vet\u00ebm p\u00ebr nj\u00eb arsye, por p\u00ebr disa. Diskutimet p\u00ebr k\u00ebt\u00eb jan\u00eb n\u00eb vazhdim e sip\u00ebr n\u00eb BE dhe vendet an\u00ebtare do t\u00eb vendosin se a do t\u00eb hiqen masat dhe kur, a do t\u00eb hiqen t\u00eb gjitha apo pjes\u00ebrisht\u201d, ka shtuar ai.<\/p>\n<p>Komisioni Evropian vendosi masa nd\u00ebshkuese ndaj Kosov\u00ebs nj\u00eb vit m\u00eb par\u00eb p\u00ebr shkak t\u00eb p\u00ebrshkall\u00ebzimit t\u00eb situat\u00ebs s\u00eb siguris\u00eb n\u00eb Veri t\u00eb vendit.<\/p>\n<p>Masat e vendosura nga BE-ja ndaj Kosov\u00ebs p\u00ebrfshinin: suspendimin e p\u00ebrkohsh\u00ebm t\u00eb grupeve punuese p\u00ebr Marr\u00ebveshjen e Stabilizim Asociimit, mosftes\u00ebn e Kosov\u00ebs n\u00eb takime t\u00eb nivelit t\u00eb lart\u00eb dhe suspendimn e vizitave bilaterale.<\/p>\n<p>Gjithashtu, u suspendua edhe programimi i fondeve p\u00ebr Kosov\u00ebn, t\u00eb cilat ishin parapar\u00eb t\u00eb dor\u00ebzoheshin p\u00ebrmes Korniz\u00ebs s\u00eb Investimeve n\u00eb Ballkanin Per\u00ebndimor dhe IPA 2024 (Intrumentet e Para-An\u00ebtar\u00ebsimit).<\/p>\n<p>Ndryshe kryeministri i Kosov\u00ebs, Albin Kurti, t\u00eb enjten tha se Kosova ka p\u00ebrmbushur t\u00eb gjitha k\u00ebrkesat e BE-s\u00eb p\u00ebr heqjen e masave kufizuese q\u00eb blloku ka vendosur ndaj Kosov\u00ebs.<\/p>\n<p>The post <a rel=\"nofollow\" href=\"https:\/\/albanianpost.com\/masat-ndeshkuese-ndaj-kosoves-hiqen-kur-vendosin-shtetet-anetare-thote-stano\/\">Masat nd\u00ebshkuese ndaj Kosov\u00ebs hiqen kur vendosin shtetet an\u00ebtare, thot\u00eb Stano<\/a> appeared first on <a rel=\"nofollow\" href=\"https:\/\/albanianpost.com\/\">Albanian Post<\/a>.<\/p>\n","protected":false},"excerpt":{"rendered":"<p>Z\u00ebdh\u00ebn\u00ebsi i Bashkimit Evropian, Peter Stano, n\u00eb nj\u00eb konferenc\u00eb p\u00ebr media, ka potencuar se masat nd\u00ebshkuese ndaj Kosov\u00ebs hiqen kur p\u00ebr nj\u00eb gj\u00eb t\u00eb till\u00eb vendosin shtetet an\u00ebtare t\u00eb bllokut evropian, e jo Qeveria e Kosov\u00ebs. \u201cKur i kemi vendosur masat kemi th\u00ebn\u00eb se ato jan\u00eb t\u00eb p\u00ebrkohshme dhe mund t\u00eb hiqen. Por, p\u00ebr k\u00ebt\u00eb [&hellip;]<\/p>\n","protected":false},"author":1,"featured_media":2257,"comment_status":"open","ping_status":"open","sticky":false,"template":"","format":"standard","meta":{"footnotes":""},"categories":[1],"tags":[],"class_list":["post-2256","post","type-post","status-publish","format-standard","has-post-thumbnail","hentry","category-uncategorized"],"_links":{"self":[{"href":"https:\/\/radiogjilani.com\/index.php\/wp-json\/wp\/v2\/posts\/2256","targetHints":{"allow":["GET"]}}],"collection":[{"href":"https:\/\/radiogjilani.com\/index.php\/wp-json\/wp\/v2\/posts"}],"about":[{"href":"https:\/\/radiogjilani.com\/index.php\/wp-json\/wp\/v2\/types\/post"}],"author":[{"embeddable":true,"href":"https:\/\/radiogjilani.com\/index.php\/wp-json\/wp\/v2\/users\/1"}],"replies":[{"embeddable":true,"href":"https:\/\/radiogjilani.com\/index.php\/wp-json\/wp\/v2\/comments?post=2256"}],"version-history":[{"count":0,"href":"https:\/\/radiogjilani.com\/index.php\/wp-json\/wp\/v2\/posts\/2256\/revisions"}],"wp:featuredmedia":[{"embeddable":true,"href":"https:\/\/radiogjilani.com\/index.php\/wp-json\/wp\/v2\/media\/2257"}],"wp:attachment":[{"href":"https:\/\/radiogjilani.com\/index.php\/wp-json\/wp\/v2\/media?parent=2256"}],"wp:term":[{"taxonomy":"category","embeddable":true,"href":"https:\/\/radiogjilani.com\/index.php\/wp-json\/wp\/v2\/categories?post=2256"},{"taxonomy":"post_tag","embeddable":true,"href":"https:\/\/radiogjilani.com\/index.php\/wp-json\/wp\/v2\/tags?post=2256"}],"curies":[{"name":"wp","href":"https:\/\/api.w.org\/{rel}","templated":true}]}}