{"id":2274,"date":"2024-05-03T15:00:29","date_gmt":"2024-05-03T15:00:29","guid":{"rendered":"https:\/\/radiogjilani.com\/index.php\/2024\/05\/03\/zvicra-regjistron-inflacionin-me-te-ulet-ne-evrope\/"},"modified":"2024-05-03T15:00:29","modified_gmt":"2024-05-03T15:00:29","slug":"zvicra-regjistron-inflacionin-me-te-ulet-ne-evrope","status":"publish","type":"post","link":"https:\/\/radiogjilani.com\/index.php\/2024\/05\/03\/zvicra-regjistron-inflacionin-me-te-ulet-ne-evrope\/","title":{"rendered":"Zvicra regjistron inflacionin m\u00eb t\u00eb ul\u00ebt n\u00eb Evrop\u00eb"},"content":{"rendered":"<p>Edhe pse ende m\u00eb e ul\u00ebt se kudo n\u00eb Evrop\u00eb, norma e inflacionit t\u00eb Zvicr\u00ebs ishte 1.4 p\u00ebr qind m\u00eb e lart\u00eb n\u00eb prill se n\u00eb t\u00eb nj\u00ebjt\u00ebn koh\u00eb t\u00eb vitit t\u00eb kaluar. Kjo \u00ebsht\u00eb ajo q\u00eb del nga t\u00eb dh\u00ebnat e publikuara nga Zyra Federale e Statistikave (FSO) t\u00eb enjten. Nd\u00ebrkoh\u00eb, indeksi i \u00e7mimeve t\u00eb konsumit u rrit me 0.3 p\u00ebr qind n\u00eb muajin prill, ku produktet vendase p\u00ebsuan m\u00eb pak rritje \u00e7mimi (0.1 p\u00ebr qind) sesa&#8230;<\/p>\n<p><a href=\"https:\/\/ekonomiaonline.com\/zvicra-regjistron-inflacionin-me-te-ulet-ne-evrope\/\" rel=\"nofollow\">Source<\/a><\/p>\n","protected":false},"excerpt":{"rendered":"<p>Edhe pse ende m\u00eb e ul\u00ebt se kudo n\u00eb Evrop\u00eb, norma e inflacionit t\u00eb Zvicr\u00ebs ishte 1.4 p\u00ebr qind m\u00eb e lart\u00eb n\u00eb prill se n\u00eb t\u00eb nj\u00ebjt\u00ebn koh\u00eb t\u00eb vitit t\u00eb kaluar. Kjo \u00ebsht\u00eb ajo q\u00eb del nga t\u00eb dh\u00ebnat e publikuara nga Zyra Federale e Statistikave (FSO) t\u00eb enjten. Nd\u00ebrkoh\u00eb, indeksi i \u00e7mimeve [&hellip;]<\/p>\n","protected":false},"author":1,"featured_media":2275,"comment_status":"open","ping_status":"open","sticky":false,"template":"","format":"standard","meta":{"footnotes":""},"categories":[19],"tags":[],"class_list":["post-2274","post","type-post","status-publish","format-standard","has-post-thumbnail","hentry","category-eko"],"_links":{"self":[{"href":"https:\/\/radiogjilani.com\/index.php\/wp-json\/wp\/v2\/posts\/2274","targetHints":{"allow":["GET"]}}],"collection":[{"href":"https:\/\/radiogjilani.com\/index.php\/wp-json\/wp\/v2\/posts"}],"about":[{"href":"https:\/\/radiogjilani.com\/index.php\/wp-json\/wp\/v2\/types\/post"}],"author":[{"embeddable":true,"href":"https:\/\/radiogjilani.com\/index.php\/wp-json\/wp\/v2\/users\/1"}],"replies":[{"embeddable":true,"href":"https:\/\/radiogjilani.com\/index.php\/wp-json\/wp\/v2\/comments?post=2274"}],"version-history":[{"count":0,"href":"https:\/\/radiogjilani.com\/index.php\/wp-json\/wp\/v2\/posts\/2274\/revisions"}],"wp:featuredmedia":[{"embeddable":true,"href":"https:\/\/radiogjilani.com\/index.php\/wp-json\/wp\/v2\/media\/2275"}],"wp:attachment":[{"href":"https:\/\/radiogjilani.com\/index.php\/wp-json\/wp\/v2\/media?parent=2274"}],"wp:term":[{"taxonomy":"category","embeddable":true,"href":"https:\/\/radiogjilani.com\/index.php\/wp-json\/wp\/v2\/categories?post=2274"},{"taxonomy":"post_tag","embeddable":true,"href":"https:\/\/radiogjilani.com\/index.php\/wp-json\/wp\/v2\/tags?post=2274"}],"curies":[{"name":"wp","href":"https:\/\/api.w.org\/{rel}","templated":true}]}}