{"id":2276,"date":"2024-05-03T15:00:28","date_gmt":"2024-05-03T15:00:28","guid":{"rendered":"https:\/\/radiogjilani.com\/index.php\/2024\/05\/03\/regresi-prej-19-vendesh-ne-lirine-e-medias-bytyqi-e-aak-se-sigurisht-duartrokitjet-shkojne-per-albin-kurtin\/"},"modified":"2024-05-03T15:00:28","modified_gmt":"2024-05-03T15:00:28","slug":"regresi-prej-19-vendesh-ne-lirine-e-medias-bytyqi-e-aak-se-sigurisht-duartrokitjet-shkojne-per-albin-kurtin","status":"publish","type":"post","link":"https:\/\/radiogjilani.com\/index.php\/2024\/05\/03\/regresi-prej-19-vendesh-ne-lirine-e-medias-bytyqi-e-aak-se-sigurisht-duartrokitjet-shkojne-per-albin-kurtin\/","title":{"rendered":"Regresi prej 19 vendesh n\u00eb lirin\u00eb e medias, Bytyqi e AAK-s\u00eb: Sigurisht, \u201dduartrokitjet\u2019\u2019 shkojn\u00eb p\u00ebr Albin Kurtin"},"content":{"rendered":"<p>Regresi prej 19 vendesh n\u00eb lirin\u00eb e medias, Bytyqi e AAK-s\u00eb: Sigurisht, \u201dduartrokitjet\u2019\u2019 shkojn\u00eb p\u00ebr Albin Kurtin Deputetja e AAK-s\u00eb, Albana Bytyqi, ka reaguar ndaj regresit s\u00eb liris\u00eb s\u00eb mediave n\u00eb Kosov\u00eb. N\u00eb profilin e saj n\u00eb \u201cFacebook\u201d, ajo ka shkruar se Indeksi i Reporter\u00ebve pa Kufij, ku Kosova rendit 19 vende m\u00eb posht\u00eb se vitin e kaluar, \u00ebsht\u00eb shqet\u00ebsues. Sipas saj, p\u00ebr k\u00ebt\u00eb \u201csukses\u201d duhet t\u00eb&#8230;<\/p>\n<p><a href=\"https:\/\/ekonomiaonline.com\/regresi-prej-19-vendesh-ne-lirine-e-medias-bytyqi-e-aak-se-sigurisht-duartrokitjet-shkojne-per-albin-kurtin\/\" rel=\"nofollow\">Source<\/a><\/p>\n","protected":false},"excerpt":{"rendered":"<p>Regresi prej 19 vendesh n\u00eb lirin\u00eb e medias, Bytyqi e AAK-s\u00eb: Sigurisht, \u201dduartrokitjet\u2019\u2019 shkojn\u00eb p\u00ebr Albin Kurtin Deputetja e AAK-s\u00eb, Albana Bytyqi, ka reaguar ndaj regresit s\u00eb liris\u00eb s\u00eb mediave n\u00eb Kosov\u00eb. N\u00eb profilin e saj n\u00eb \u201cFacebook\u201d, ajo ka shkruar se Indeksi i Reporter\u00ebve pa Kufij, ku Kosova rendit 19 vende m\u00eb posht\u00eb se [&hellip;]<\/p>\n","protected":false},"author":1,"featured_media":2277,"comment_status":"open","ping_status":"open","sticky":false,"template":"","format":"standard","meta":{"footnotes":""},"categories":[19],"tags":[],"class_list":["post-2276","post","type-post","status-publish","format-standard","has-post-thumbnail","hentry","category-eko"],"_links":{"self":[{"href":"https:\/\/radiogjilani.com\/index.php\/wp-json\/wp\/v2\/posts\/2276","targetHints":{"allow":["GET"]}}],"collection":[{"href":"https:\/\/radiogjilani.com\/index.php\/wp-json\/wp\/v2\/posts"}],"about":[{"href":"https:\/\/radiogjilani.com\/index.php\/wp-json\/wp\/v2\/types\/post"}],"author":[{"embeddable":true,"href":"https:\/\/radiogjilani.com\/index.php\/wp-json\/wp\/v2\/users\/1"}],"replies":[{"embeddable":true,"href":"https:\/\/radiogjilani.com\/index.php\/wp-json\/wp\/v2\/comments?post=2276"}],"version-history":[{"count":0,"href":"https:\/\/radiogjilani.com\/index.php\/wp-json\/wp\/v2\/posts\/2276\/revisions"}],"wp:featuredmedia":[{"embeddable":true,"href":"https:\/\/radiogjilani.com\/index.php\/wp-json\/wp\/v2\/media\/2277"}],"wp:attachment":[{"href":"https:\/\/radiogjilani.com\/index.php\/wp-json\/wp\/v2\/media?parent=2276"}],"wp:term":[{"taxonomy":"category","embeddable":true,"href":"https:\/\/radiogjilani.com\/index.php\/wp-json\/wp\/v2\/categories?post=2276"},{"taxonomy":"post_tag","embeddable":true,"href":"https:\/\/radiogjilani.com\/index.php\/wp-json\/wp\/v2\/tags?post=2276"}],"curies":[{"name":"wp","href":"https:\/\/api.w.org\/{rel}","templated":true}]}}