{"id":2282,"date":"2024-05-03T15:00:25","date_gmt":"2024-05-03T15:00:25","guid":{"rendered":"https:\/\/radiogjilani.com\/index.php\/2024\/05\/03\/avokati-i-popullit-dhe-institucionet-e-vendit-diskutojne-per-zbatimin-e-rekomandimeve-te-dhena-nga-cpt\/"},"modified":"2024-05-03T15:00:25","modified_gmt":"2024-05-03T15:00:25","slug":"avokati-i-popullit-dhe-institucionet-e-vendit-diskutojne-per-zbatimin-e-rekomandimeve-te-dhena-nga-cpt","status":"publish","type":"post","link":"https:\/\/radiogjilani.com\/index.php\/2024\/05\/03\/avokati-i-popullit-dhe-institucionet-e-vendit-diskutojne-per-zbatimin-e-rekomandimeve-te-dhena-nga-cpt\/","title":{"rendered":"Avokati i Popullit dhe institucionet e vendit diskutojn\u00eb p\u00ebr zbatimin e rekomandimeve t\u00eb dh\u00ebna nga CPT"},"content":{"rendered":"<p>Avokati i Popullit n\u00eb bashk\u00ebpunim me Zyr\u00ebn p\u00ebr Qeverisje t\u00eb Mir\u00eb, n\u00eb kuad\u00ebr t\u00eb Zyr\u00ebs s\u00eb Kryeministrit, mbajti tryez\u00ebn e rrumbullak\u00ebt me q\u00ebllim t\u00eb diskutimit p\u00ebr zotimet q\u00eb kan\u00eb dh\u00ebn\u00eb Institucionet e Republik\u00ebs s\u00eb Kosov\u00ebs p\u00ebr p\u00ebrmbushjen e rekomandimeve t\u00eb dh\u00ebna nga Komiteti p\u00ebr Parandalimin e Tortur\u00ebs (CPT) i K\u00ebshillit t\u00eb Evrop\u00ebs, pas vizit\u00ebs s\u00eb realizuar n\u00eb tetor t\u00eb vitit 2020. Pas k\u00ebsaj vizite&#8230;<\/p>\n<p><a href=\"https:\/\/ekonomiaonline.com\/avokati-i-popullit-dhe-institucionet-e-vendit-diskutojne-per-zbatimin-e-rekomandimeve-te-dhena-nga-cpt\/\" rel=\"nofollow\">Source<\/a><\/p>\n","protected":false},"excerpt":{"rendered":"<p>Avokati i Popullit n\u00eb bashk\u00ebpunim me Zyr\u00ebn p\u00ebr Qeverisje t\u00eb Mir\u00eb, n\u00eb kuad\u00ebr t\u00eb Zyr\u00ebs s\u00eb Kryeministrit, mbajti tryez\u00ebn e rrumbullak\u00ebt me q\u00ebllim t\u00eb diskutimit p\u00ebr zotimet q\u00eb kan\u00eb dh\u00ebn\u00eb Institucionet e Republik\u00ebs s\u00eb Kosov\u00ebs p\u00ebr p\u00ebrmbushjen e rekomandimeve t\u00eb dh\u00ebna nga Komiteti p\u00ebr Parandalimin e Tortur\u00ebs (CPT) i K\u00ebshillit t\u00eb Evrop\u00ebs, pas vizit\u00ebs s\u00eb [&hellip;]<\/p>\n","protected":false},"author":1,"featured_media":2283,"comment_status":"open","ping_status":"open","sticky":false,"template":"","format":"standard","meta":{"footnotes":""},"categories":[19],"tags":[],"class_list":["post-2282","post","type-post","status-publish","format-standard","has-post-thumbnail","hentry","category-eko"],"_links":{"self":[{"href":"https:\/\/radiogjilani.com\/index.php\/wp-json\/wp\/v2\/posts\/2282","targetHints":{"allow":["GET"]}}],"collection":[{"href":"https:\/\/radiogjilani.com\/index.php\/wp-json\/wp\/v2\/posts"}],"about":[{"href":"https:\/\/radiogjilani.com\/index.php\/wp-json\/wp\/v2\/types\/post"}],"author":[{"embeddable":true,"href":"https:\/\/radiogjilani.com\/index.php\/wp-json\/wp\/v2\/users\/1"}],"replies":[{"embeddable":true,"href":"https:\/\/radiogjilani.com\/index.php\/wp-json\/wp\/v2\/comments?post=2282"}],"version-history":[{"count":0,"href":"https:\/\/radiogjilani.com\/index.php\/wp-json\/wp\/v2\/posts\/2282\/revisions"}],"wp:featuredmedia":[{"embeddable":true,"href":"https:\/\/radiogjilani.com\/index.php\/wp-json\/wp\/v2\/media\/2283"}],"wp:attachment":[{"href":"https:\/\/radiogjilani.com\/index.php\/wp-json\/wp\/v2\/media?parent=2282"}],"wp:term":[{"taxonomy":"category","embeddable":true,"href":"https:\/\/radiogjilani.com\/index.php\/wp-json\/wp\/v2\/categories?post=2282"},{"taxonomy":"post_tag","embeddable":true,"href":"https:\/\/radiogjilani.com\/index.php\/wp-json\/wp\/v2\/tags?post=2282"}],"curies":[{"name":"wp","href":"https:\/\/api.w.org\/{rel}","templated":true}]}}