{"id":2296,"date":"2024-05-03T15:00:59","date_gmt":"2024-05-03T15:00:59","guid":{"rendered":"https:\/\/radiogjilani.com\/index.php\/2024\/05\/03\/kpmshck-e-ktheu-ne-pune-ministria-e-largon-perseri\/"},"modified":"2024-05-03T15:00:59","modified_gmt":"2024-05-03T15:00:59","slug":"kpmshck-e-ktheu-ne-pune-ministria-e-largon-perseri","status":"publish","type":"post","link":"https:\/\/radiogjilani.com\/index.php\/2024\/05\/03\/kpmshck-e-ktheu-ne-pune-ministria-e-largon-perseri\/","title":{"rendered":"KPMShCK e ktheu n\u00eb pun\u00eb, Ministria e largon p\u00ebrs\u00ebri"},"content":{"rendered":"<p>Ministria e Industris\u00eb, e udh\u00ebhequr nga Rozeta Hajdari, ka larguar nga puna zyrtarin p\u00ebr cil\u00ebsin\u00eb e naft\u00ebs dhe produkteve t\u00eb naft\u00ebs n\u00eb kuad\u00ebr t\u00eb k\u00ebsaj ministrie, Ermal Kutllovcin, ani pse K\u00ebshilli i Pavarur Mbik\u00ebqyr\u00ebs p\u00ebr Sh\u00ebrbimin Civil t\u00eb Republik\u00ebs s\u00eb Kosov\u00ebs (KPMShCK), e kishte kthyer n\u00eb pun\u00eb k\u00ebt\u00eb t\u00eb fundit, pasi i nj\u00ebjti i ishte shqiptuar masa e \u201clargimit nga sh\u00ebrbimi civil\u201d.<\/p>\n<p>P\u00ebrpos arsyeve t\u00eb cekura n\u00eb vendimin e par\u00eb e t\u00eb cilat i kishte anuluar KPMShCK, MINT n\u00eb arsyetimin e largimit t\u00eb zyrtarit n\u00eb fjal\u00eb nga puna ka dh\u00ebn\u00eb prononcimet e tij n\u00ebp\u00ebr media, e postimet e tij n\u00eb rrjetet sociale kund\u00ebr Ministris\u00eb s\u00eb Industris\u00eb.<\/p>\n<p>MINT ka konstatuar se me k\u00ebto veprime zyrtari Kutllovci \u201cka d\u00ebmtuar r\u00ebnd institucionin duke b\u00ebr\u00eb publike informatat e brendshme\u201d.<\/p>\n<p>MINT gjithashtu ka potencuar se deklarimet p\u00ebr media t\u00eb zyrtarit e publikimet n\u00eb rrjetin social n\u00eb Facebook, kan\u00eb krijuar situata \u201ct\u00eb pa k\u00ebndshme dhe d\u00ebm t\u00eb pajustifikuar n\u00eb opinion n\u00eb raport me organin ku ka qen i pun\u00ebsuar\u201d.<\/p>\n<p>Megjithat\u00eb sipas zyrtari Kutllovci deklarimet e tij p\u00ebr media \u201cjan\u00eb b\u00ebr\u00eb pas largimit nga MINT\u201d dhe se t\u00eb nj\u00ebjtat kan\u00eb qen\u00eb gjithmon\u00eb n\u00eb suaza t\u00eb \u201cdeklarimit krejt\u00ebsisht profesional e n\u00eb respektim t\u00eb plot\u00eb t\u00eb legjislacionit n\u00eb fuqi\u201d.<\/p>\n<p>\u201cKjo nuk e pasqyron vet\u00ebm hakmarrjen tipike, por tendenc\u00ebn e hapur e t\u00eb shp\u00ebrfaqur p\u00ebr cenimin e liris\u00eb s\u00eb shprehjes e t\u00eb cil\u00ebn na i garanton akti m\u00eb i lart\u00eb juridik i k\u00ebtij Vendi, Kushtetuta e Republik\u00ebs s\u00eb Kosov\u00ebs\u201d, ka shkruar Kutllovci n\u00eb platform\u00ebn sociale, Facebook.<\/p>\n<\/p>\n<p>Rasti i Kutllovcit nuk \u00ebsht\u00eb rasti i vet\u00ebm n\u00eb k\u00ebt\u00eb Ministri.<\/p>\n<p>Arianit Krasniqi, zyrtar n\u00eb Departamentin e Turizmit n\u00eb Ministris\u00eb e Industris\u00eb, Nd\u00ebrmarr\u00ebsis\u00eb dhe Tregtis\u00eb, kishte mbetur pa vendin e tij t\u00eb pun\u00ebs, vet\u00ebm se nj\u00eb dit\u00eb, jasht\u00eb orarit t\u00eb pun\u00ebs, e kritikoi politik\u00ebn e Qeveris\u00eb s\u00eb Kosov\u00ebs p\u00ebr shtesat prej 100 eurove.<\/p>\n<p>Krasniqi konsideroi se kjo lloj ndihme nga qeveria \u00ebsht\u00eb \u201cl\u00ebmosh\u00eb\u201d dhe se Kryeministri i Kosov\u00ebs, Albin Kurti, po mashtron me t\u00eb tilla ndihma t\u00eb nj\u00ebhershme.<\/p>\n<p>Kaq mjaftoi dhe me urdh\u00ebr t\u00eb ministres Rozeta Hajdari, ai u d\u00ebrgua n\u00eb komision disiplinor brenda ministris\u00eb, p\u00ebr t\u2019u larguar m\u00eb pas t\u00ebr\u00ebsisht nga sh\u00ebrbimi civil.<\/p>\n<p>N\u00eb dokumentin q\u00eb kishte siguruar Albanian Post thuhej \u2013 mashtruesh\u00ebm \u2013 se Krasniqi \u201cka d\u00ebmtuar r\u00ebnd\u00eb reputacionin e sh\u00ebrbimit civil dhe imazhin e Ministris\u00eb dhe Qeveris\u00eb\u201d.<\/p>\n<p>Edhe sikur fjalit\u00eb q\u00eb kishte p\u00ebrdorur Krasniqi p\u00ebr ta p\u00ebrshkruar Kryeministrin e Kosov\u00ebs, apo ndonj\u00eb politik\u00eb t\u00eb caktuara t\u00eb tij, t\u00eb binin ndesh me ndonj\u00eb rregullore t\u00eb brendshme t\u00eb ministris\u00eb, prap\u00eb vendimi p\u00ebr ta d\u00ebnuar at\u00eb p\u00ebrse shkruan, ishte i pamundur meq\u00eb t\u00eb gjitha postimet i ka pasi ka p\u00ebrfunduar orarin e pun\u00ebs dhe gjithashtu jasht\u00eb ambienteve t\u00eb ministris\u00eb.<\/p>\n<p>Komentet jasht\u00eb orarit dhe jasht\u00eb vendit \u00eb pun\u00ebs nuk p\u00ebrb\u00ebjn\u00eb kurrfar\u00eb shkelje bazuar n\u00eb nenin 25 t\u00eb Ligjit p\u00ebr Zyrtar\u00eb Publik, e t\u00eb cilin e ka p\u00ebrdorur Ministria si arsyetim p\u00ebr shkeljen.<\/p>\n<p>Paragrafi i par\u00eb i nenit 25 t\u00eb Ligjit p\u00ebr Zyrtar\u00ebt Publik thekson se \u201czyrtarja\/i ka t\u00eb drejt\u00eb t\u00eb marr\u00eb pjes\u00eb n\u00eb aktivitete politike dhe t\u00eb shpreh\u00eb bindjet partiake vet\u00ebm jasht\u00eb orarit zyrtar t\u00eb pun\u00ebs dhe jasht\u00eb ambienteve t\u00eb institucionit publik\u201d.<\/p>\n<blockquote class=\"wp-embedded-content\" data-secret=\"eIXM7lfgj5\">\n<p><a href=\"https:\/\/albanianpost.com\/diktatura-e-vendosur-ne-mint-kush-flet-keq-per-albin-kurtin-dergohet-ne-komision-disiplinor-dhe-mund-te-perjashtohet\/\">Diktatura e vendosur n\u00eb MINT \u2013 Kush flet keq p\u00ebr Albin Kurtin d\u00ebrgohet n\u00eb komision disiplinor dhe mund t\u00eb p\u00ebrjashtohet<\/a><\/p>\n<\/blockquote>\n<p>The post <a rel=\"nofollow\" href=\"https:\/\/albanianpost.com\/kpmshck-e-ktheu-ne-pune-ministria-e-largon-perseri\/\">KPMShCK e ktheu n\u00eb pun\u00eb, Ministria e largon p\u00ebrs\u00ebri<\/a> appeared first on <a rel=\"nofollow\" href=\"https:\/\/albanianpost.com\/\">Albanian Post<\/a>.<\/p>\n","protected":false},"excerpt":{"rendered":"<p>Ministria e Industris\u00eb, e udh\u00ebhequr nga Rozeta Hajdari, ka larguar nga puna zyrtarin p\u00ebr cil\u00ebsin\u00eb e naft\u00ebs dhe produkteve t\u00eb naft\u00ebs n\u00eb kuad\u00ebr t\u00eb k\u00ebsaj ministrie, Ermal Kutllovcin, ani pse K\u00ebshilli i Pavarur Mbik\u00ebqyr\u00ebs p\u00ebr Sh\u00ebrbimin Civil t\u00eb Republik\u00ebs s\u00eb Kosov\u00ebs (KPMShCK), e kishte kthyer n\u00eb pun\u00eb k\u00ebt\u00eb t\u00eb fundit, pasi i nj\u00ebjti i ishte [&hellip;]<\/p>\n","protected":false},"author":1,"featured_media":2297,"comment_status":"open","ping_status":"open","sticky":false,"template":"","format":"standard","meta":{"footnotes":""},"categories":[1],"tags":[],"class_list":["post-2296","post","type-post","status-publish","format-standard","has-post-thumbnail","hentry","category-uncategorized"],"_links":{"self":[{"href":"https:\/\/radiogjilani.com\/index.php\/wp-json\/wp\/v2\/posts\/2296","targetHints":{"allow":["GET"]}}],"collection":[{"href":"https:\/\/radiogjilani.com\/index.php\/wp-json\/wp\/v2\/posts"}],"about":[{"href":"https:\/\/radiogjilani.com\/index.php\/wp-json\/wp\/v2\/types\/post"}],"author":[{"embeddable":true,"href":"https:\/\/radiogjilani.com\/index.php\/wp-json\/wp\/v2\/users\/1"}],"replies":[{"embeddable":true,"href":"https:\/\/radiogjilani.com\/index.php\/wp-json\/wp\/v2\/comments?post=2296"}],"version-history":[{"count":0,"href":"https:\/\/radiogjilani.com\/index.php\/wp-json\/wp\/v2\/posts\/2296\/revisions"}],"wp:featuredmedia":[{"embeddable":true,"href":"https:\/\/radiogjilani.com\/index.php\/wp-json\/wp\/v2\/media\/2297"}],"wp:attachment":[{"href":"https:\/\/radiogjilani.com\/index.php\/wp-json\/wp\/v2\/media?parent=2296"}],"wp:term":[{"taxonomy":"category","embeddable":true,"href":"https:\/\/radiogjilani.com\/index.php\/wp-json\/wp\/v2\/categories?post=2296"},{"taxonomy":"post_tag","embeddable":true,"href":"https:\/\/radiogjilani.com\/index.php\/wp-json\/wp\/v2\/tags?post=2296"}],"curies":[{"name":"wp","href":"https:\/\/api.w.org\/{rel}","templated":true}]}}