{"id":2342,"date":"2024-05-04T15:00:17","date_gmt":"2024-05-04T15:00:17","guid":{"rendered":"https:\/\/radiogjilani.com\/index.php\/2024\/05\/04\/stefano-pioli-arrin-akordin-verbal-me-napoli-n\/"},"modified":"2024-05-04T15:00:17","modified_gmt":"2024-05-04T15:00:17","slug":"stefano-pioli-arrin-akordin-verbal-me-napoli-n","status":"publish","type":"post","link":"https:\/\/radiogjilani.com\/index.php\/2024\/05\/04\/stefano-pioli-arrin-akordin-verbal-me-napoli-n\/","title":{"rendered":"Stefano Pioli arrin akordin verbal me Napoli-n"},"content":{"rendered":"<p>Trajneri i Milan-it, Stefano Pioli \u00ebsht\u00eb b\u00ebr\u00eb kandidati kryesor p\u00ebr t\u00eb marr\u00eb drejtimin e Napoli-t dhe thuhet se ka r\u00ebn\u00eb dakord p\u00ebr nj\u00eb marr\u00ebveshje n\u00eb parim me Aurelio de Laurentiis-in.<\/p>\n<p>Trajnerit t\u00eb kuqezinjve pothuajse me siguri do t\u2019i tregohet dera n\u00eb fund t\u00eb k\u00ebtij sezoni, duke i dh\u00ebn\u00eb fund nj\u00eb periudhe pes\u00ebvje\u00e7are n\u00eb kryeqytetin e Lombardis\u00eb q\u00eb pati shum\u00eb ngritje dhe ulje, duke p\u00ebrfshir\u00eb suksesin e tyre n\u00eb Scudetto-n e sezonit 2021-22 dhe nj\u00eb vrapim drejt gjysm\u00ebfinaleve t\u00eb Champions League sezonin e kaluar.<\/p>\n<p>Milan-i prej pak koh\u00ebsh \u00ebsht\u00eb n\u00eb k\u00ebrkim t\u00eb nj\u00eb z\u00ebvend\u00ebsuesi t\u00eb Pioli-t, duke hedhur nj\u00eb rrjet\u00eb t\u00eb gjer\u00eb emrash teksa konsideron kandidat\u00eb t\u00eb ndrysh\u00ebm.<\/p>\n<p>Nd\u00ebrkoh\u00eb, Napoli \u00ebsht\u00eb gjithashtu n\u00eb k\u00ebrkim t\u00eb nj\u00eb trajneri t\u00eb ri, pasi \u00ebsht\u00eb p\u00ebrballur me refuzimin nga Antonio Conte.<\/p>\n<p>Si\u00e7 raportohet nga gazetari italian, Daniele Longo i \u201cCalciomercato.com\u201d, Pioli ka qen\u00eb n\u00eb kontakt t\u00eb ngusht\u00eb me De Laurentiis-in n\u00eb jav\u00ebt e fundit dhe \u00ebsht\u00eb b\u00ebr\u00eb kandidati kryesor p\u00ebr t\u00eb marr\u00eb drejtimin e Napoli-t n\u00eb ver\u00eb, pasi t\u00eb konfirmohet largimi i tij nga Milan-i.<\/p>\n<p>Megjith\u00ebse stilolapsi nuk \u00ebsht\u00eb hedhur ende n\u00eb let\u00ebr, t\u00eb dy pal\u00ebt kan\u00eb r\u00ebn\u00eb dakord p\u00ebr nj\u00eb marr\u00ebveshje trevje\u00e7are n\u00eb parim p\u00ebrpara ver\u00ebs, duke l\u00ebn\u00eb vet\u00ebm detajet p\u00ebrfundimtare p\u00ebr t\u2019u zgjidhur.<\/p>\n<p>The post <a rel=\"nofollow\" href=\"https:\/\/albanianpost.com\/stefano-pioli-arrin-akordin-verbal-me-napoli-n\/\">Stefano Pioli arrin akordin verbal me Napoli-n<\/a> appeared first on <a rel=\"nofollow\" href=\"https:\/\/albanianpost.com\/\">Albanian Post<\/a>.<\/p>\n","protected":false},"excerpt":{"rendered":"<p>Trajneri i Milan-it, Stefano Pioli \u00ebsht\u00eb b\u00ebr\u00eb kandidati kryesor p\u00ebr t\u00eb marr\u00eb drejtimin e Napoli-t dhe thuhet se ka r\u00ebn\u00eb dakord p\u00ebr nj\u00eb marr\u00ebveshje n\u00eb parim me Aurelio de Laurentiis-in. Trajnerit t\u00eb kuqezinjve pothuajse me siguri do t\u2019i tregohet dera n\u00eb fund t\u00eb k\u00ebtij sezoni, duke i dh\u00ebn\u00eb fund nj\u00eb periudhe pes\u00ebvje\u00e7are n\u00eb kryeqytetin e [&hellip;]<\/p>\n","protected":false},"author":1,"featured_media":0,"comment_status":"open","ping_status":"open","sticky":false,"template":"","format":"standard","meta":{"footnotes":""},"categories":[1],"tags":[],"class_list":["post-2342","post","type-post","status-publish","format-standard","hentry","category-uncategorized"],"_links":{"self":[{"href":"https:\/\/radiogjilani.com\/index.php\/wp-json\/wp\/v2\/posts\/2342","targetHints":{"allow":["GET"]}}],"collection":[{"href":"https:\/\/radiogjilani.com\/index.php\/wp-json\/wp\/v2\/posts"}],"about":[{"href":"https:\/\/radiogjilani.com\/index.php\/wp-json\/wp\/v2\/types\/post"}],"author":[{"embeddable":true,"href":"https:\/\/radiogjilani.com\/index.php\/wp-json\/wp\/v2\/users\/1"}],"replies":[{"embeddable":true,"href":"https:\/\/radiogjilani.com\/index.php\/wp-json\/wp\/v2\/comments?post=2342"}],"version-history":[{"count":0,"href":"https:\/\/radiogjilani.com\/index.php\/wp-json\/wp\/v2\/posts\/2342\/revisions"}],"wp:attachment":[{"href":"https:\/\/radiogjilani.com\/index.php\/wp-json\/wp\/v2\/media?parent=2342"}],"wp:term":[{"taxonomy":"category","embeddable":true,"href":"https:\/\/radiogjilani.com\/index.php\/wp-json\/wp\/v2\/categories?post=2342"},{"taxonomy":"post_tag","embeddable":true,"href":"https:\/\/radiogjilani.com\/index.php\/wp-json\/wp\/v2\/tags?post=2342"}],"curies":[{"name":"wp","href":"https:\/\/api.w.org\/{rel}","templated":true}]}}