{"id":2398,"date":"2024-05-05T15:24:08","date_gmt":"2024-05-05T15:24:08","guid":{"rendered":"https:\/\/radiogjilani.com\/index.php\/2024\/05\/05\/edona-telefonon-lumbardhin-e-pyet-se-a-jane-ndare-me-kaderin\/"},"modified":"2024-05-05T15:24:08","modified_gmt":"2024-05-05T15:24:08","slug":"edona-telefonon-lumbardhin-e-pyet-se-a-jane-ndare-me-kaderin","status":"publish","type":"post","link":"https:\/\/radiogjilani.com\/index.php\/2024\/05\/05\/edona-telefonon-lumbardhin-e-pyet-se-a-jane-ndare-me-kaderin\/","title":{"rendered":"Edona telefonon Lumbardhin, e pyet se a jan\u00eb ndar\u00eb me Kaderin"},"content":{"rendered":"<p><strong>Romeo Veshaj \u00ebsht\u00eb shpallur zyrtarisht finalisti i par\u00eb i edicionit t\u00eb tret\u00eb t\u00eb Big Brother VIP3.<\/strong><\/p>\n<p>Ai u shpall finalist n\u00eb m\u00ebnyr\u00eb jo t\u00eb zakont\u00eb. Ishte Egla ajo q\u00eb zgjodhi Romeon dhe Heidin t\u2019i d\u00ebrgonte n\u00eb nj\u00eb televotim se kush do zgjidhje finalist, mir\u00ebpo banor\u00ebt dinin t\u00eb kund\u00ebrt\u00ebn.<\/p>\n<p>Banor\u00ebve iu komunikua sikur Romeo do t\u00eb linte sht\u00ebpin\u00eb dhe Heidi nuk e priti aspak mir\u00eb.<\/p>\n<p>P\u00ebrve\u00e7 t\u00eb qarave, ajo iu kthye Egl\u00ebs, \u201cje njeriu m\u00eb i keq\u201d.<\/p>\n<p>\u201cT\u00eb pash me lot n\u00eb sy do vij nga qielli\u201d-ishte porosia q\u00eb Romeo i la Heidit para se t\u00eb dilte nga sht\u00ebpia, megjith\u00ebse kjo nuk e qet\u00ebsoi banoren.<\/p>\n<p>Heidi nd\u00ebrkoh\u00eb do t\u00eb jet\u00eb banorja q\u00eb do t\u00eb jet\u00eb n\u00eb televotim deri n\u00eb fund t\u00eb k\u00ebtij edicioni.<\/p>\n<ul class=\"op-related-articles\" title=\"Showtime\">\n<li><a href=\"https:\/\/gazetablic.com\/the-guardian-kosova-shume-e-vogel-per-ambiciet-e-dua-lipes-ajo-i-kishte-lutur-prinderit-ta-linin-te-kthehej-vete-ne-londer\/\"><\/a><\/li>\n<li><a href=\"https:\/\/gazetablic.com\/edona-telefonon-lumbardhin-e-pyet-se-a-jane-ndare-me-kaderin\/\"><\/a><\/li>\n<li><a href=\"https:\/\/gazetablic.com\/romeo-veshaj-shpallet-finalisti-i-pare-i-big-brother-vip3\/\"><\/a><\/li>\n<\/ul>\n<p>The post <a rel=\"nofollow\" href=\"https:\/\/gazetablic.com\/romeo-veshaj-shpallet-finalisti-i-pare-i-big-brother-vip3\/\">Romeo Veshaj shpallet finalisti i par\u00eb i Big Brother VIP 3<\/a> appeared first on <a rel=\"nofollow\" href=\"https:\/\/gazetablic.com\/\">GazetaBlic<\/a>.<\/p>\n","protected":false},"excerpt":{"rendered":"<p>Romeo Veshaj \u00ebsht\u00eb shpallur zyrtarisht finalisti i par\u00eb i edicionit t\u00eb tret\u00eb t\u00eb Big Brother VIP3. Ai u shpall finalist n\u00eb m\u00ebnyr\u00eb jo t\u00eb zakont\u00eb. Ishte Egla ajo q\u00eb zgjodhi Romeon dhe Heidin t\u2019i d\u00ebrgonte n\u00eb nj\u00eb televotim se kush do zgjidhje finalist, mir\u00ebpo banor\u00ebt dinin t\u00eb kund\u00ebrt\u00ebn. Banor\u00ebve iu komunikua sikur Romeo do t\u00eb [&hellip;]<\/p>\n","protected":false},"author":1,"featured_media":2399,"comment_status":"open","ping_status":"open","sticky":false,"template":"","format":"standard","meta":{"footnotes":""},"categories":[22],"tags":[],"class_list":["post-2398","post","type-post","status-publish","format-standard","has-post-thumbnail","hentry","category-showbiz"],"_links":{"self":[{"href":"https:\/\/radiogjilani.com\/index.php\/wp-json\/wp\/v2\/posts\/2398","targetHints":{"allow":["GET"]}}],"collection":[{"href":"https:\/\/radiogjilani.com\/index.php\/wp-json\/wp\/v2\/posts"}],"about":[{"href":"https:\/\/radiogjilani.com\/index.php\/wp-json\/wp\/v2\/types\/post"}],"author":[{"embeddable":true,"href":"https:\/\/radiogjilani.com\/index.php\/wp-json\/wp\/v2\/users\/1"}],"replies":[{"embeddable":true,"href":"https:\/\/radiogjilani.com\/index.php\/wp-json\/wp\/v2\/comments?post=2398"}],"version-history":[{"count":0,"href":"https:\/\/radiogjilani.com\/index.php\/wp-json\/wp\/v2\/posts\/2398\/revisions"}],"wp:featuredmedia":[{"embeddable":true,"href":"https:\/\/radiogjilani.com\/index.php\/wp-json\/wp\/v2\/media\/2399"}],"wp:attachment":[{"href":"https:\/\/radiogjilani.com\/index.php\/wp-json\/wp\/v2\/media?parent=2398"}],"wp:term":[{"taxonomy":"category","embeddable":true,"href":"https:\/\/radiogjilani.com\/index.php\/wp-json\/wp\/v2\/categories?post=2398"},{"taxonomy":"post_tag","embeddable":true,"href":"https:\/\/radiogjilani.com\/index.php\/wp-json\/wp\/v2\/tags?post=2398"}],"curies":[{"name":"wp","href":"https:\/\/api.w.org\/{rel}","templated":true}]}}