{"id":2412,"date":"2024-05-06T15:50:34","date_gmt":"2024-05-06T15:50:34","guid":{"rendered":"https:\/\/radiogjilani.com\/index.php\/2024\/05\/06\/rama-nga-12-maji-e-nise-turin-e-takimeve-me-shqiptare-ne-evrope-shteti-i-pare-greqia\/"},"modified":"2024-05-06T15:50:34","modified_gmt":"2024-05-06T15:50:34","slug":"rama-nga-12-maji-e-nise-turin-e-takimeve-me-shqiptare-ne-evrope-shteti-i-pare-greqia","status":"publish","type":"post","link":"https:\/\/radiogjilani.com\/index.php\/2024\/05\/06\/rama-nga-12-maji-e-nise-turin-e-takimeve-me-shqiptare-ne-evrope-shteti-i-pare-greqia\/","title":{"rendered":"Rama nga 12 maji e nis\u00eb turin e takimeve me shqiptar\u00eb n\u00eb Evrop\u00eb, shteti i par\u00eb Greqia"},"content":{"rendered":"<p>Kryeministri i Shqip\u00ebris\u00eb, Edi Rama, ka b\u00ebr\u00eb t\u00eb ditur se nga 12 maji do t\u00eb nis\u00eb turin e takimeve me diaspor\u00ebn shqiptar\u00eb n\u00eb shteteve t\u00eb ndryshme. Ai, me an\u00eb t\u00eb nj\u00eb postimi n\u00eb rrjetin social Facebook, ka deklaruar se shteti i par\u00eb q\u00eb do t\u00eb takoj\u00eb shqiptar\u00ebt q\u00eb jetojn\u00eb atje, \u00ebsht\u00eb Greqia. \u201d Mezi pres t\u00eb takohemi, me krenari t\u00eb madhe p\u00ebr t\u00eb gjith\u00eb ju, shqiptar\u00ebt e Greqis\u00eb\u201d, ka th\u00ebn\u00eb Rama.<\/p>\n<p><a href=\"https:\/\/ekonomiaonline.com\/rama-nga-12-maji-e-nise-turin-e-takimeve-me-shqiptare-ne-evrope-shteti-i-pare-greqia\/\" rel=\"nofollow\">Source<\/a><\/p>\n","protected":false},"excerpt":{"rendered":"<p>Kryeministri i Shqip\u00ebris\u00eb, Edi Rama, ka b\u00ebr\u00eb t\u00eb ditur se nga 12 maji do t\u00eb nis\u00eb turin e takimeve me diaspor\u00ebn shqiptar\u00eb n\u00eb shteteve t\u00eb ndryshme. Ai, me an\u00eb t\u00eb nj\u00eb postimi n\u00eb rrjetin social Facebook, ka deklaruar se shteti i par\u00eb q\u00eb do t\u00eb takoj\u00eb shqiptar\u00ebt q\u00eb jetojn\u00eb atje, \u00ebsht\u00eb Greqia. \u201d Mezi pres [&hellip;]<\/p>\n","protected":false},"author":1,"featured_media":2413,"comment_status":"open","ping_status":"open","sticky":false,"template":"","format":"standard","meta":{"footnotes":""},"categories":[19],"tags":[],"class_list":["post-2412","post","type-post","status-publish","format-standard","has-post-thumbnail","hentry","category-eko"],"_links":{"self":[{"href":"https:\/\/radiogjilani.com\/index.php\/wp-json\/wp\/v2\/posts\/2412","targetHints":{"allow":["GET"]}}],"collection":[{"href":"https:\/\/radiogjilani.com\/index.php\/wp-json\/wp\/v2\/posts"}],"about":[{"href":"https:\/\/radiogjilani.com\/index.php\/wp-json\/wp\/v2\/types\/post"}],"author":[{"embeddable":true,"href":"https:\/\/radiogjilani.com\/index.php\/wp-json\/wp\/v2\/users\/1"}],"replies":[{"embeddable":true,"href":"https:\/\/radiogjilani.com\/index.php\/wp-json\/wp\/v2\/comments?post=2412"}],"version-history":[{"count":0,"href":"https:\/\/radiogjilani.com\/index.php\/wp-json\/wp\/v2\/posts\/2412\/revisions"}],"wp:featuredmedia":[{"embeddable":true,"href":"https:\/\/radiogjilani.com\/index.php\/wp-json\/wp\/v2\/media\/2413"}],"wp:attachment":[{"href":"https:\/\/radiogjilani.com\/index.php\/wp-json\/wp\/v2\/media?parent=2412"}],"wp:term":[{"taxonomy":"category","embeddable":true,"href":"https:\/\/radiogjilani.com\/index.php\/wp-json\/wp\/v2\/categories?post=2412"},{"taxonomy":"post_tag","embeddable":true,"href":"https:\/\/radiogjilani.com\/index.php\/wp-json\/wp\/v2\/tags?post=2412"}],"curies":[{"name":"wp","href":"https:\/\/api.w.org\/{rel}","templated":true}]}}