{"id":2508,"date":"2024-05-08T17:42:44","date_gmt":"2024-05-08T17:42:44","guid":{"rendered":"https:\/\/radiogjilani.com\/index.php\/2024\/05\/08\/masakra-e-saradranit-kurti-vetem-drejtesia-i-mbylle-plaget\/"},"modified":"2024-05-08T17:42:44","modified_gmt":"2024-05-08T17:42:44","slug":"masakra-e-saradranit-kurti-vetem-drejtesia-i-mbylle-plaget","status":"publish","type":"post","link":"https:\/\/radiogjilani.com\/index.php\/2024\/05\/08\/masakra-e-saradranit-kurti-vetem-drejtesia-i-mbylle-plaget\/","title":{"rendered":"Masakra e Saradranit, Kurti: Vet\u00ebm drejt\u00ebsia i mbyll\u00eb plag\u00ebt"},"content":{"rendered":"<p>\u00cbsht\u00eb p\u00ebrkujtuar Masakra e Saradranit. 25 vjet m\u00eb par\u00eb, n\u00eb k\u00ebt\u00eb fshat t\u00eb Istogut nga forcat ushtarake, policore e paramilitare t\u00eb Serbis\u00eb, u vran\u00eb 18 civil\u00eb. P\u00ebr t\u2019i nderuar ata, sot ishte kryeministri i Kosov\u00ebs Albin Kurti. Kurti tha se vet\u00ebm drejt\u00ebsia i mbyll\u00eb plag\u00ebt. \u201cLavdi t\u00eb gjith\u00eb atyre t\u00eb cil\u00ebt ran\u00eb n\u00eb rrug\u00ebn e gjat\u00eb e t\u00eb v\u00ebshtir\u00eb t\u00eb Kosov\u00ebs p\u00ebr liri!\u201d, tha Kurti.<\/p>\n<p><a href=\"https:\/\/ekonomiaonline.com\/masakra-e-saradranit-kurti-vetem-drejtesia-i-mbylle-plaget\/\" rel=\"nofollow\">Source<\/a><\/p>\n","protected":false},"excerpt":{"rendered":"<p>\u00cbsht\u00eb p\u00ebrkujtuar Masakra e Saradranit. 25 vjet m\u00eb par\u00eb, n\u00eb k\u00ebt\u00eb fshat t\u00eb Istogut nga forcat ushtarake, policore e paramilitare t\u00eb Serbis\u00eb, u vran\u00eb 18 civil\u00eb. P\u00ebr t\u2019i nderuar ata, sot ishte kryeministri i Kosov\u00ebs Albin Kurti. Kurti tha se vet\u00ebm drejt\u00ebsia i mbyll\u00eb plag\u00ebt. \u201cLavdi t\u00eb gjith\u00eb atyre t\u00eb cil\u00ebt ran\u00eb n\u00eb rrug\u00ebn e [&hellip;]<\/p>\n","protected":false},"author":1,"featured_media":2509,"comment_status":"open","ping_status":"open","sticky":false,"template":"","format":"standard","meta":{"footnotes":""},"categories":[19],"tags":[],"class_list":["post-2508","post","type-post","status-publish","format-standard","has-post-thumbnail","hentry","category-eko"],"_links":{"self":[{"href":"https:\/\/radiogjilani.com\/index.php\/wp-json\/wp\/v2\/posts\/2508","targetHints":{"allow":["GET"]}}],"collection":[{"href":"https:\/\/radiogjilani.com\/index.php\/wp-json\/wp\/v2\/posts"}],"about":[{"href":"https:\/\/radiogjilani.com\/index.php\/wp-json\/wp\/v2\/types\/post"}],"author":[{"embeddable":true,"href":"https:\/\/radiogjilani.com\/index.php\/wp-json\/wp\/v2\/users\/1"}],"replies":[{"embeddable":true,"href":"https:\/\/radiogjilani.com\/index.php\/wp-json\/wp\/v2\/comments?post=2508"}],"version-history":[{"count":0,"href":"https:\/\/radiogjilani.com\/index.php\/wp-json\/wp\/v2\/posts\/2508\/revisions"}],"wp:featuredmedia":[{"embeddable":true,"href":"https:\/\/radiogjilani.com\/index.php\/wp-json\/wp\/v2\/media\/2509"}],"wp:attachment":[{"href":"https:\/\/radiogjilani.com\/index.php\/wp-json\/wp\/v2\/media?parent=2508"}],"wp:term":[{"taxonomy":"category","embeddable":true,"href":"https:\/\/radiogjilani.com\/index.php\/wp-json\/wp\/v2\/categories?post=2508"},{"taxonomy":"post_tag","embeddable":true,"href":"https:\/\/radiogjilani.com\/index.php\/wp-json\/wp\/v2\/tags?post=2508"}],"curies":[{"name":"wp","href":"https:\/\/api.w.org\/{rel}","templated":true}]}}