{"id":2520,"date":"2024-05-08T17:44:15","date_gmt":"2024-05-08T17:44:15","guid":{"rendered":"https:\/\/radiogjilani.com\/index.php\/2024\/05\/08\/fronti-evropian-shpalle-fitoren\/"},"modified":"2024-05-08T17:44:15","modified_gmt":"2024-05-08T17:44:15","slug":"fronti-evropian-shpalle-fitoren","status":"publish","type":"post","link":"https:\/\/radiogjilani.com\/index.php\/2024\/05\/08\/fronti-evropian-shpalle-fitoren\/","title":{"rendered":"\u201cFronti Evropian\u201d shpall\u00eb fitoren"},"content":{"rendered":"<p>\u201cFronti Evropian\u201d ka shpallur fitoren n\u00eb zgjedhjet parlamentare t\u00eb Maqedonis\u00eb s\u00eb Veriut n\u00eb taborin shqiptar.<\/p>\n<p>K\u00ebt\u00eb fitore n\u00eb nj\u00eb konferenc\u00eb p\u00ebr media e ka shpallur Arb\u00ebr Ademi, nga Bashkimi Demokratik p\u00ebr Integrim, menj\u00ebher\u00eb pas mbylljes s\u00eb qendrave t\u00eb votimit.<\/p>\n<p>\u201cFronti Evropian sonte do t\u00eb d\u00ebshmoj\u00eb fitoren historike n\u00eb k\u00ebt\u00eb referendum popullore, me \u00e7ka do t\u00eb vuloset e ardhmja evropiane e vendit. Kthim mbrapa nuk ka, dhe nuk do t\u00eb ket\u00eb asnj\u00ebher\u00eb, sepse vullneti dhe verdikti i qytetar\u00ebve \u00ebsht\u00eb mbi t\u00eb gjith\u00eb\u201d, ka th\u00ebn\u00eb Ademi.<\/p>\n<p>\u201cM\u00eb 24 prill dhe sot, populli e tha fjal\u00ebn e tij, dhe Fronti Evropian do t\u2019i q\u00ebndroj\u00eb besnik p\u00ebrgjithmon\u00eb vullnetit t\u00eb votuesit\u201d, potencoi ai, duke shtuar se \u201csonte fitorja \u00ebsht\u00eb e jona, e t\u00eb gjith\u00eb juve q\u00eb i that\u00eb Jo Rusis\u00eb, dhe Po Evrop\u00ebs\u201d.<\/p>\n<div class=\"ads square\">\n<p>    <a href=\"https:\/\/track.adform.net\/C\/?bn=73199340;C=0\" target=\"_blank\" rel=\"noopener\"><br \/>\n    <img loading=\"lazy\" decoding=\"async\" src=\"https:\/\/track.adform.net\/adfserve\/?bn=73199340;srctype=4;ord=%5Btimestamp%5D\" border=\"0\" width=\"300\" height=\"250\" alt=\"reklama iqos\"><br \/>\n    <\/a><\/p><\/div>\n<p>K\u00ebt\u00eb t\u00eb m\u00ebrkure Maqedonia e Veriut ka mbajtur zgjedhjet parlamentare dhe raundin e dyt\u00eb t\u00eb atyre presidenciale.<\/p>\n<p>N\u00eb zgjedhjet parlamentare n\u00eb taborin shqiptar gara \u00ebsht\u00eb zhvilluar n\u00eb mes t\u00eb \u201cFrontit Europian\u201d, dhe koalicionit \u201cVLEN\u201d, derisa n\u00eb kampin maqedonas sipas sondazheve pritet nj\u00eb fitore e thell\u00eb e partis\u00eb nacionaliste VMRO-DPMNE, kundrejt LSDM-s\u00eb.<\/p>\n<p>Nd\u00ebrsa, n\u00eb gar\u00ebn presidenciale kan\u00eb qen\u00eb dy kandidat\u00eb, fituesja e rundit t\u00eb par\u00eb, kandidatja e VMRO-DPMNE-s\u00eb n\u00eb opozit\u00eb, Gordana Silanovska-Davkova, dhe kryetari aktual i shtetit, Stevo Pendarovski, i cili \u00ebsht\u00eb mb\u00ebshtetur nga Lidhja Social Demokrate (LSDM) n\u00eb pushtet.<\/p>\n<p>The post <a rel=\"nofollow\" href=\"https:\/\/albanianpost.com\/fronti-evropian-shpalle-fitoren\/\">\u201cFronti Evropian\u201d shpall\u00eb fitoren<\/a> appeared first on <a rel=\"nofollow\" href=\"https:\/\/albanianpost.com\/\">Albanian Post<\/a>.<\/p>\n","protected":false},"excerpt":{"rendered":"<p>\u201cFronti Evropian\u201d ka shpallur fitoren n\u00eb zgjedhjet parlamentare t\u00eb Maqedonis\u00eb s\u00eb Veriut n\u00eb taborin shqiptar. K\u00ebt\u00eb fitore n\u00eb nj\u00eb konferenc\u00eb p\u00ebr media e ka shpallur Arb\u00ebr Ademi, nga Bashkimi Demokratik p\u00ebr Integrim, menj\u00ebher\u00eb pas mbylljes s\u00eb qendrave t\u00eb votimit. \u201cFronti Evropian sonte do t\u00eb d\u00ebshmoj\u00eb fitoren historike n\u00eb k\u00ebt\u00eb referendum popullore, me \u00e7ka do t\u00eb [&hellip;]<\/p>\n","protected":false},"author":1,"featured_media":2521,"comment_status":"open","ping_status":"open","sticky":false,"template":"","format":"standard","meta":{"footnotes":""},"categories":[1],"tags":[],"class_list":["post-2520","post","type-post","status-publish","format-standard","has-post-thumbnail","hentry","category-uncategorized"],"_links":{"self":[{"href":"https:\/\/radiogjilani.com\/index.php\/wp-json\/wp\/v2\/posts\/2520","targetHints":{"allow":["GET"]}}],"collection":[{"href":"https:\/\/radiogjilani.com\/index.php\/wp-json\/wp\/v2\/posts"}],"about":[{"href":"https:\/\/radiogjilani.com\/index.php\/wp-json\/wp\/v2\/types\/post"}],"author":[{"embeddable":true,"href":"https:\/\/radiogjilani.com\/index.php\/wp-json\/wp\/v2\/users\/1"}],"replies":[{"embeddable":true,"href":"https:\/\/radiogjilani.com\/index.php\/wp-json\/wp\/v2\/comments?post=2520"}],"version-history":[{"count":0,"href":"https:\/\/radiogjilani.com\/index.php\/wp-json\/wp\/v2\/posts\/2520\/revisions"}],"wp:featuredmedia":[{"embeddable":true,"href":"https:\/\/radiogjilani.com\/index.php\/wp-json\/wp\/v2\/media\/2521"}],"wp:attachment":[{"href":"https:\/\/radiogjilani.com\/index.php\/wp-json\/wp\/v2\/media?parent=2520"}],"wp:term":[{"taxonomy":"category","embeddable":true,"href":"https:\/\/radiogjilani.com\/index.php\/wp-json\/wp\/v2\/categories?post=2520"},{"taxonomy":"post_tag","embeddable":true,"href":"https:\/\/radiogjilani.com\/index.php\/wp-json\/wp\/v2\/tags?post=2520"}],"curies":[{"name":"wp","href":"https:\/\/api.w.org\/{rel}","templated":true}]}}