{"id":2538,"date":"2024-05-09T18:51:12","date_gmt":"2024-05-09T18:51:12","guid":{"rendered":"https:\/\/radiogjilani.com\/index.php\/2024\/05\/09\/zv-ministri-i-mpjd-takohet-me-zyrtarin-e-larte-hungarez-i-kerkon-mbeshtetje-per-anetaresimin-e-kosoves-ne-kie\/"},"modified":"2024-05-09T18:51:12","modified_gmt":"2024-05-09T18:51:12","slug":"zv-ministri-i-mpjd-takohet-me-zyrtarin-e-larte-hungarez-i-kerkon-mbeshtetje-per-anetaresimin-e-kosoves-ne-kie","status":"publish","type":"post","link":"https:\/\/radiogjilani.com\/index.php\/2024\/05\/09\/zv-ministri-i-mpjd-takohet-me-zyrtarin-e-larte-hungarez-i-kerkon-mbeshtetje-per-anetaresimin-e-kosoves-ne-kie\/","title":{"rendered":"Zv.ministri i MPJD takohet me zyrtarin e lart\u00eb hungarez \u2013 i k\u00ebrkon mb\u00ebshtetje p\u00ebr an\u00ebtar\u00ebsimin e Kosov\u00ebs n\u00eb KiE"},"content":{"rendered":"<p>Z\u00ebvend\u00ebsministri i Pun\u00ebve t\u00eb Jashtme dhe Diaspor\u00ebs (MPJD), Kreshnik Ahmeti, \u00ebsht\u00eb takuar n\u00eb Budapest me Sekretarin e Shtetit t\u00eb Hungaris\u00eb, Peter Sztaray. Me t\u00eb nd\u00ebr tjerash ka biseduar edhe p\u00ebr procesin e an\u00ebtar\u00ebsimit t\u00eb Kosov\u00ebs n\u00eb K\u00ebshillin e Evrop\u00ebs, ku ka k\u00ebrkuar mb\u00ebshtetjen hungareze. \u201cSot, n\u00eb Budapest, takova Sekretarin e Shtetit z.Peter Sztaray, me t\u00eb cilin diskutuam p\u00ebr marr\u00ebdh\u00ebniet&#8230;<\/p>\n<p><a href=\"https:\/\/ekonomiaonline.com\/zv-ministri-i-mpjd-takohet-me-zyrtarin-e-larte-hungarez-i-kerkon-mbeshtetje-per-anetaresimin-e-kosoves-ne-kie\/\" rel=\"nofollow\">Source<\/a><\/p>\n","protected":false},"excerpt":{"rendered":"<p>Z\u00ebvend\u00ebsministri i Pun\u00ebve t\u00eb Jashtme dhe Diaspor\u00ebs (MPJD), Kreshnik Ahmeti, \u00ebsht\u00eb takuar n\u00eb Budapest me Sekretarin e Shtetit t\u00eb Hungaris\u00eb, Peter Sztaray. Me t\u00eb nd\u00ebr tjerash ka biseduar edhe p\u00ebr procesin e an\u00ebtar\u00ebsimit t\u00eb Kosov\u00ebs n\u00eb K\u00ebshillin e Evrop\u00ebs, ku ka k\u00ebrkuar mb\u00ebshtetjen hungareze. \u201cSot, n\u00eb Budapest, takova Sekretarin e Shtetit z.Peter Sztaray, me t\u00eb [&hellip;]<\/p>\n","protected":false},"author":1,"featured_media":2539,"comment_status":"open","ping_status":"open","sticky":false,"template":"","format":"standard","meta":{"footnotes":""},"categories":[19],"tags":[],"class_list":["post-2538","post","type-post","status-publish","format-standard","has-post-thumbnail","hentry","category-eko"],"_links":{"self":[{"href":"https:\/\/radiogjilani.com\/index.php\/wp-json\/wp\/v2\/posts\/2538","targetHints":{"allow":["GET"]}}],"collection":[{"href":"https:\/\/radiogjilani.com\/index.php\/wp-json\/wp\/v2\/posts"}],"about":[{"href":"https:\/\/radiogjilani.com\/index.php\/wp-json\/wp\/v2\/types\/post"}],"author":[{"embeddable":true,"href":"https:\/\/radiogjilani.com\/index.php\/wp-json\/wp\/v2\/users\/1"}],"replies":[{"embeddable":true,"href":"https:\/\/radiogjilani.com\/index.php\/wp-json\/wp\/v2\/comments?post=2538"}],"version-history":[{"count":0,"href":"https:\/\/radiogjilani.com\/index.php\/wp-json\/wp\/v2\/posts\/2538\/revisions"}],"wp:featuredmedia":[{"embeddable":true,"href":"https:\/\/radiogjilani.com\/index.php\/wp-json\/wp\/v2\/media\/2539"}],"wp:attachment":[{"href":"https:\/\/radiogjilani.com\/index.php\/wp-json\/wp\/v2\/media?parent=2538"}],"wp:term":[{"taxonomy":"category","embeddable":true,"href":"https:\/\/radiogjilani.com\/index.php\/wp-json\/wp\/v2\/categories?post=2538"},{"taxonomy":"post_tag","embeddable":true,"href":"https:\/\/radiogjilani.com\/index.php\/wp-json\/wp\/v2\/tags?post=2538"}],"curies":[{"name":"wp","href":"https:\/\/api.w.org\/{rel}","templated":true}]}}