{"id":2544,"date":"2024-05-09T18:51:09","date_gmt":"2024-05-09T18:51:09","guid":{"rendered":"https:\/\/radiogjilani.com\/index.php\/2024\/05\/09\/zgjedhjet-ne-maqedonine-e-veriut-cilesohen-si-demokratike-nga-osbe-ja-jepen-verejtje-per-legjislacionin\/"},"modified":"2024-05-09T18:51:09","modified_gmt":"2024-05-09T18:51:09","slug":"zgjedhjet-ne-maqedonine-e-veriut-cilesohen-si-demokratike-nga-osbe-ja-jepen-verejtje-per-legjislacionin","status":"publish","type":"post","link":"https:\/\/radiogjilani.com\/index.php\/2024\/05\/09\/zgjedhjet-ne-maqedonine-e-veriut-cilesohen-si-demokratike-nga-osbe-ja-jepen-verejtje-per-legjislacionin\/","title":{"rendered":"Zgjedhjet n\u00eb Maqedonin\u00eb e Veriut cil\u00ebsohen si demokratike nga OSBE-ja, jepen v\u00ebrejtje p\u00ebr legjislacionin"},"content":{"rendered":"<p>Misionet e p\u00ebrbashk\u00ebta monitoruese t\u00eb OSBE\/ODIHR-it si dhe Asambleja Parlamentare e K\u00ebshillit t\u00eb Evrop\u00ebs dhe Parlamentit Evropian, zgjedhjet e dyfishta n\u00eb Maqedonin\u00eb e Veriut, ato presidenciale dhe parlamentare i kan\u00eb vler\u00ebsuar si t\u00eb drejta dhe demokratike. N\u00eb konkluzionet preliminare t\u00eb misionit nd\u00ebrkomb\u00ebtar v\u00ebzhgues p\u00ebr zgjedhjet dje thuhet se dita e zgjedhjeve u vler\u00ebsua si pozitive&#8230;<\/p>\n<p><a href=\"https:\/\/ekonomiaonline.com\/zgjedhjet-ne-maqedonine-e-veriut-cilesohen-si-demokratike-nga-osbe-ja-jepen-verejtje-per-legjislacionin\/\" rel=\"nofollow\">Source<\/a><\/p>\n","protected":false},"excerpt":{"rendered":"<p>Misionet e p\u00ebrbashk\u00ebta monitoruese t\u00eb OSBE\/ODIHR-it si dhe Asambleja Parlamentare e K\u00ebshillit t\u00eb Evrop\u00ebs dhe Parlamentit Evropian, zgjedhjet e dyfishta n\u00eb Maqedonin\u00eb e Veriut, ato presidenciale dhe parlamentare i kan\u00eb vler\u00ebsuar si t\u00eb drejta dhe demokratike. N\u00eb konkluzionet preliminare t\u00eb misionit nd\u00ebrkomb\u00ebtar v\u00ebzhgues p\u00ebr zgjedhjet dje thuhet se dita e zgjedhjeve u vler\u00ebsua si pozitive&#8230; [&hellip;]<\/p>\n","protected":false},"author":1,"featured_media":2545,"comment_status":"open","ping_status":"open","sticky":false,"template":"","format":"standard","meta":{"footnotes":""},"categories":[19],"tags":[],"class_list":["post-2544","post","type-post","status-publish","format-standard","has-post-thumbnail","hentry","category-eko"],"_links":{"self":[{"href":"https:\/\/radiogjilani.com\/index.php\/wp-json\/wp\/v2\/posts\/2544","targetHints":{"allow":["GET"]}}],"collection":[{"href":"https:\/\/radiogjilani.com\/index.php\/wp-json\/wp\/v2\/posts"}],"about":[{"href":"https:\/\/radiogjilani.com\/index.php\/wp-json\/wp\/v2\/types\/post"}],"author":[{"embeddable":true,"href":"https:\/\/radiogjilani.com\/index.php\/wp-json\/wp\/v2\/users\/1"}],"replies":[{"embeddable":true,"href":"https:\/\/radiogjilani.com\/index.php\/wp-json\/wp\/v2\/comments?post=2544"}],"version-history":[{"count":0,"href":"https:\/\/radiogjilani.com\/index.php\/wp-json\/wp\/v2\/posts\/2544\/revisions"}],"wp:featuredmedia":[{"embeddable":true,"href":"https:\/\/radiogjilani.com\/index.php\/wp-json\/wp\/v2\/media\/2545"}],"wp:attachment":[{"href":"https:\/\/radiogjilani.com\/index.php\/wp-json\/wp\/v2\/media?parent=2544"}],"wp:term":[{"taxonomy":"category","embeddable":true,"href":"https:\/\/radiogjilani.com\/index.php\/wp-json\/wp\/v2\/categories?post=2544"},{"taxonomy":"post_tag","embeddable":true,"href":"https:\/\/radiogjilani.com\/index.php\/wp-json\/wp\/v2\/tags?post=2544"}],"curies":[{"name":"wp","href":"https:\/\/api.w.org\/{rel}","templated":true}]}}