{"id":2566,"date":"2024-05-10T19:20:23","date_gmt":"2024-05-10T19:20:23","guid":{"rendered":"https:\/\/radiogjilani.com\/index.php\/2024\/05\/10\/kurti-nga-planit-te-rritjes-kosova-do-te-perfitoje-afro-1-miliard-euro\/"},"modified":"2024-05-10T19:20:23","modified_gmt":"2024-05-10T19:20:23","slug":"kurti-nga-planit-te-rritjes-kosova-do-te-perfitoje-afro-1-miliard-euro","status":"publish","type":"post","link":"https:\/\/radiogjilani.com\/index.php\/2024\/05\/10\/kurti-nga-planit-te-rritjes-kosova-do-te-perfitoje-afro-1-miliard-euro\/","title":{"rendered":"Kurti: Nga Planit t\u00eb Rritjes, Kosova do t\u00eb p\u00ebrfitoj\u00eb afro 1 miliard euro"},"content":{"rendered":"<p>\u00cbsht\u00eb mbajtur takimi i dymb\u00ebdhjet\u00eb i Komisionit p\u00ebr Planifikim Strategjik, n\u00eb t\u00eb cilin krahas kryeministrit, Albin Kurti, t\u00eb pranish\u00ebm ishin edhe z\u00ebvend\u00ebskryeministri i par\u00eb p\u00ebr Integrim Evropian, Zhvillim dhe Dialog, Besnik Bislimi, si dhe ministra, z\u00ebvend\u00ebsministra, an\u00ebtar\u00eb t\u00eb kabineteve qeveritare, si dhe drejtues t\u00eb zyrave n\u00eb kuad\u00ebr t\u00eb Zyr\u00ebs s\u00eb Kryeministrit dhe ministrive t\u00eb linj\u00ebs.<\/p>\n<p><a href=\"https:\/\/ekonomiaonline.com\/kurti-nga-planit-te-rritjes-kosova-do-te-perfitoje-afro-1-miliard-euro\/\" rel=\"nofollow\">Source<\/a><\/p>\n","protected":false},"excerpt":{"rendered":"<p>\u00cbsht\u00eb mbajtur takimi i dymb\u00ebdhjet\u00eb i Komisionit p\u00ebr Planifikim Strategjik, n\u00eb t\u00eb cilin krahas kryeministrit, Albin Kurti, t\u00eb pranish\u00ebm ishin edhe z\u00ebvend\u00ebskryeministri i par\u00eb p\u00ebr Integrim Evropian, Zhvillim dhe Dialog, Besnik Bislimi, si dhe ministra, z\u00ebvend\u00ebsministra, an\u00ebtar\u00eb t\u00eb kabineteve qeveritare, si dhe drejtues t\u00eb zyrave n\u00eb kuad\u00ebr t\u00eb Zyr\u00ebs s\u00eb Kryeministrit dhe ministrive t\u00eb linj\u00ebs. [&hellip;]<\/p>\n","protected":false},"author":1,"featured_media":2567,"comment_status":"open","ping_status":"open","sticky":false,"template":"","format":"standard","meta":{"footnotes":""},"categories":[19],"tags":[],"class_list":["post-2566","post","type-post","status-publish","format-standard","has-post-thumbnail","hentry","category-eko"],"_links":{"self":[{"href":"https:\/\/radiogjilani.com\/index.php\/wp-json\/wp\/v2\/posts\/2566","targetHints":{"allow":["GET"]}}],"collection":[{"href":"https:\/\/radiogjilani.com\/index.php\/wp-json\/wp\/v2\/posts"}],"about":[{"href":"https:\/\/radiogjilani.com\/index.php\/wp-json\/wp\/v2\/types\/post"}],"author":[{"embeddable":true,"href":"https:\/\/radiogjilani.com\/index.php\/wp-json\/wp\/v2\/users\/1"}],"replies":[{"embeddable":true,"href":"https:\/\/radiogjilani.com\/index.php\/wp-json\/wp\/v2\/comments?post=2566"}],"version-history":[{"count":0,"href":"https:\/\/radiogjilani.com\/index.php\/wp-json\/wp\/v2\/posts\/2566\/revisions"}],"wp:featuredmedia":[{"embeddable":true,"href":"https:\/\/radiogjilani.com\/index.php\/wp-json\/wp\/v2\/media\/2567"}],"wp:attachment":[{"href":"https:\/\/radiogjilani.com\/index.php\/wp-json\/wp\/v2\/media?parent=2566"}],"wp:term":[{"taxonomy":"category","embeddable":true,"href":"https:\/\/radiogjilani.com\/index.php\/wp-json\/wp\/v2\/categories?post=2566"},{"taxonomy":"post_tag","embeddable":true,"href":"https:\/\/radiogjilani.com\/index.php\/wp-json\/wp\/v2\/tags?post=2566"}],"curies":[{"name":"wp","href":"https:\/\/api.w.org\/{rel}","templated":true}]}}