{"id":2576,"date":"2024-05-10T19:20:18","date_gmt":"2024-05-10T19:20:18","guid":{"rendered":"https:\/\/radiogjilani.com\/index.php\/2024\/05\/10\/opozita-e-akuzon-kurtin-se-e-humbi-betejen-per-anetaresimin-e-kosoves-ne-kie-per-shkak-te-zgjedhjeve\/"},"modified":"2024-05-10T19:20:18","modified_gmt":"2024-05-10T19:20:18","slug":"opozita-e-akuzon-kurtin-se-e-humbi-betejen-per-anetaresimin-e-kosoves-ne-kie-per-shkak-te-zgjedhjeve","status":"publish","type":"post","link":"https:\/\/radiogjilani.com\/index.php\/2024\/05\/10\/opozita-e-akuzon-kurtin-se-e-humbi-betejen-per-anetaresimin-e-kosoves-ne-kie-per-shkak-te-zgjedhjeve\/","title":{"rendered":"Opozita e akuzon Kurtin se e humbi betej\u00ebn p\u00ebr an\u00ebtar\u00ebsimin e Kosov\u00ebs n\u00eb KiE p\u00ebr shkak t\u00eb zgjedhjeve"},"content":{"rendered":"<p>P\u00ebr t\u2019i mb\u00ebshtetur p\u00ebrpjekjet e Kosov\u00ebs p\u00ebr an\u00ebtar\u00ebsim n\u00eb K\u00ebshillin e Evrop\u00ebs, shtetet aletate po k\u00ebrkojn\u00eb nd\u00ebrmarrjen e hapave konkret p\u00ebr themelimin e Asociacionit t\u00eb komunave me shumic\u00eb serbe. Mir\u00ebpo, Qeveria e Kosov\u00ebs nuk do ta pranoj\u00eb k\u00ebt\u00eb kusht n\u00eb k\u00ebmbim p\u00ebr tu an\u00ebtar\u00ebsuar n\u00eb K\u00ebshillin e Evrop\u00ebs, tha t\u00eb m\u00ebrkur\u00ebn kryeministri i vendit, Albin Kurti. Nj\u00ebjt\u00eb po deklaron edhe Alban Bajrami nga&#8230;<\/p>\n<p><a href=\"https:\/\/ekonomiaonline.com\/opozita-e-akuzon-kurtin-se-e-humbi-betejen-per-anetaresimin-e-kosoves-ne-kie-per-shkak-te-zgjedhjeve\/\" rel=\"nofollow\">Source<\/a><\/p>\n","protected":false},"excerpt":{"rendered":"<p>P\u00ebr t\u2019i mb\u00ebshtetur p\u00ebrpjekjet e Kosov\u00ebs p\u00ebr an\u00ebtar\u00ebsim n\u00eb K\u00ebshillin e Evrop\u00ebs, shtetet aletate po k\u00ebrkojn\u00eb nd\u00ebrmarrjen e hapave konkret p\u00ebr themelimin e Asociacionit t\u00eb komunave me shumic\u00eb serbe. Mir\u00ebpo, Qeveria e Kosov\u00ebs nuk do ta pranoj\u00eb k\u00ebt\u00eb kusht n\u00eb k\u00ebmbim p\u00ebr tu an\u00ebtar\u00ebsuar n\u00eb K\u00ebshillin e Evrop\u00ebs, tha t\u00eb m\u00ebrkur\u00ebn kryeministri i vendit, Albin [&hellip;]<\/p>\n","protected":false},"author":1,"featured_media":2577,"comment_status":"open","ping_status":"open","sticky":false,"template":"","format":"standard","meta":{"footnotes":""},"categories":[19],"tags":[],"class_list":["post-2576","post","type-post","status-publish","format-standard","has-post-thumbnail","hentry","category-eko"],"_links":{"self":[{"href":"https:\/\/radiogjilani.com\/index.php\/wp-json\/wp\/v2\/posts\/2576","targetHints":{"allow":["GET"]}}],"collection":[{"href":"https:\/\/radiogjilani.com\/index.php\/wp-json\/wp\/v2\/posts"}],"about":[{"href":"https:\/\/radiogjilani.com\/index.php\/wp-json\/wp\/v2\/types\/post"}],"author":[{"embeddable":true,"href":"https:\/\/radiogjilani.com\/index.php\/wp-json\/wp\/v2\/users\/1"}],"replies":[{"embeddable":true,"href":"https:\/\/radiogjilani.com\/index.php\/wp-json\/wp\/v2\/comments?post=2576"}],"version-history":[{"count":0,"href":"https:\/\/radiogjilani.com\/index.php\/wp-json\/wp\/v2\/posts\/2576\/revisions"}],"wp:featuredmedia":[{"embeddable":true,"href":"https:\/\/radiogjilani.com\/index.php\/wp-json\/wp\/v2\/media\/2577"}],"wp:attachment":[{"href":"https:\/\/radiogjilani.com\/index.php\/wp-json\/wp\/v2\/media?parent=2576"}],"wp:term":[{"taxonomy":"category","embeddable":true,"href":"https:\/\/radiogjilani.com\/index.php\/wp-json\/wp\/v2\/categories?post=2576"},{"taxonomy":"post_tag","embeddable":true,"href":"https:\/\/radiogjilani.com\/index.php\/wp-json\/wp\/v2\/tags?post=2576"}],"curies":[{"name":"wp","href":"https:\/\/api.w.org\/{rel}","templated":true}]}}