{"id":2582,"date":"2024-05-10T19:20:59","date_gmt":"2024-05-10T19:20:59","guid":{"rendered":"https:\/\/radiogjilani.com\/index.php\/2024\/05\/10\/roth-bojkotet-e-artisteve-izraelite-ne-eurovision-jane-te-papranueshme\/"},"modified":"2024-05-10T19:20:59","modified_gmt":"2024-05-10T19:20:59","slug":"roth-bojkotet-e-artisteve-izraelite-ne-eurovision-jane-te-papranueshme","status":"publish","type":"post","link":"https:\/\/radiogjilani.com\/index.php\/2024\/05\/10\/roth-bojkotet-e-artisteve-izraelite-ne-eurovision-jane-te-papranueshme\/","title":{"rendered":"Roth: \u201cBojkotet e artist\u00ebve izraelit\u00eb n\u00eb Eurovision jan\u00eb t\u00eb papranueshme\u201d"},"content":{"rendered":"<p>\u201cThirrjet p\u00ebr t\u00eb bojkotuar pjes\u00ebmarrjen e artist\u00ebve izraelit\u00eb n\u00eb ngjarje kulturore n\u00eb Evrop\u00eb dhe Gjermani jan\u00eb absolutisht t\u00eb papranueshme\u201d.<\/p>\n<p>K\u00ebshtu deklaroi ministrja gjermane e Kultur\u00ebs, Claudia Roth, pas protestave p\u00ebr pranin\u00eb e k\u00ebng\u00ebtarit izraelit Eden Golan n\u00eb Eurovision, ku mbi 10 mij\u00eb persona protestuan n\u00eb qend\u00ebr t\u00eb Malmos p\u00ebr shkak t\u00eb operacionit ushtarak izraelit n\u00eb Gaza.<\/p>\n<p>\u201cSidomos n\u00eb k\u00ebto koh\u00eb, ne kemi nevoj\u00eb p\u00ebr nj\u00eb bashk\u00ebpunim m\u00eb t\u00eb madh kulturor midis Evrop\u00ebs dhe Izraelit. Yjet e Eurovison nga Izraeli n\u00eb ve\u00e7anti p\u00ebrfaq\u00ebsonin dhe p\u00ebrfaq\u00ebsojn\u00eb nj\u00eb shoq\u00ebri t\u00eb hapur dhe t\u00eb larmishme. Antisemitizmi, urrejtja dhe dhuna nuk kan\u00eb vend n\u00eb k\u00ebt\u00eb ngjarje t\u00eb r\u00ebnd\u00ebsishme muzikore, ashtu si racizmi dhe \u00e7do form\u00eb e mizantropis\u00eb\u201d, tha m\u00eb tej Roth.<\/p>\n<p>Kjo, duke shtuar se \u201chap\u00ebsira duhet t\u2019i p\u00ebrkas\u00eb fuqis\u00eb s\u00eb muzik\u00ebs dhe shfaqjeve speciale, t\u00eb cilat mund t\u00eb bashkojn\u00eb shum\u00eb njer\u00ebz. dhe t\u00eb nd\u00ebrtojm\u00eb ura\u201d.<\/p>\n<div class=\"ads square\">\n<p>    <a href=\"https:\/\/track.adform.net\/C\/?bn=73199340;C=0\" target=\"_blank\" rel=\"noopener\"><br \/>\n    <img loading=\"lazy\" decoding=\"async\" src=\"https:\/\/track.adform.net\/adfserve\/?bn=73199340;srctype=4;ord=%5Btimestamp%5D\" border=\"0\" width=\"300\" height=\"250\" alt=\"reklama iqos\"><br \/>\n    <\/a><\/p><\/div>\n<p>The post <a rel=\"nofollow\" href=\"https:\/\/albanianpost.com\/roth-bojkotet-e-artisteve-izraelite-ne-eurovision-jane-te-papranueshme\/\">Roth: \u201cBojkotet e artist\u00ebve izraelit\u00eb n\u00eb Eurovision jan\u00eb t\u00eb papranueshme\u201d<\/a> appeared first on <a rel=\"nofollow\" href=\"https:\/\/albanianpost.com\/\">Albanian Post<\/a>.<\/p>\n","protected":false},"excerpt":{"rendered":"<p>\u201cThirrjet p\u00ebr t\u00eb bojkotuar pjes\u00ebmarrjen e artist\u00ebve izraelit\u00eb n\u00eb ngjarje kulturore n\u00eb Evrop\u00eb dhe Gjermani jan\u00eb absolutisht t\u00eb papranueshme\u201d. K\u00ebshtu deklaroi ministrja gjermane e Kultur\u00ebs, Claudia Roth, pas protestave p\u00ebr pranin\u00eb e k\u00ebng\u00ebtarit izraelit Eden Golan n\u00eb Eurovision, ku mbi 10 mij\u00eb persona protestuan n\u00eb qend\u00ebr t\u00eb Malmos p\u00ebr shkak t\u00eb operacionit ushtarak izraelit n\u00eb [&hellip;]<\/p>\n","protected":false},"author":1,"featured_media":2583,"comment_status":"open","ping_status":"open","sticky":false,"template":"","format":"standard","meta":{"footnotes":""},"categories":[1],"tags":[],"class_list":["post-2582","post","type-post","status-publish","format-standard","has-post-thumbnail","hentry","category-uncategorized"],"_links":{"self":[{"href":"https:\/\/radiogjilani.com\/index.php\/wp-json\/wp\/v2\/posts\/2582","targetHints":{"allow":["GET"]}}],"collection":[{"href":"https:\/\/radiogjilani.com\/index.php\/wp-json\/wp\/v2\/posts"}],"about":[{"href":"https:\/\/radiogjilani.com\/index.php\/wp-json\/wp\/v2\/types\/post"}],"author":[{"embeddable":true,"href":"https:\/\/radiogjilani.com\/index.php\/wp-json\/wp\/v2\/users\/1"}],"replies":[{"embeddable":true,"href":"https:\/\/radiogjilani.com\/index.php\/wp-json\/wp\/v2\/comments?post=2582"}],"version-history":[{"count":0,"href":"https:\/\/radiogjilani.com\/index.php\/wp-json\/wp\/v2\/posts\/2582\/revisions"}],"wp:featuredmedia":[{"embeddable":true,"href":"https:\/\/radiogjilani.com\/index.php\/wp-json\/wp\/v2\/media\/2583"}],"wp:attachment":[{"href":"https:\/\/radiogjilani.com\/index.php\/wp-json\/wp\/v2\/media?parent=2582"}],"wp:term":[{"taxonomy":"category","embeddable":true,"href":"https:\/\/radiogjilani.com\/index.php\/wp-json\/wp\/v2\/categories?post=2582"},{"taxonomy":"post_tag","embeddable":true,"href":"https:\/\/radiogjilani.com\/index.php\/wp-json\/wp\/v2\/tags?post=2582"}],"curies":[{"name":"wp","href":"https:\/\/api.w.org\/{rel}","templated":true}]}}