{"id":2598,"date":"2024-05-10T19:20:51","date_gmt":"2024-05-10T19:20:51","guid":{"rendered":"https:\/\/radiogjilani.com\/index.php\/2024\/05\/10\/sadushi-sduam-lemoshe-te-plotesohen-detyrimet-per-gjyqesorin\/"},"modified":"2024-05-10T19:20:51","modified_gmt":"2024-05-10T19:20:51","slug":"sadushi-sduam-lemoshe-te-plotesohen-detyrimet-per-gjyqesorin","status":"publish","type":"post","link":"https:\/\/radiogjilani.com\/index.php\/2024\/05\/10\/sadushi-sduam-lemoshe-te-plotesohen-detyrimet-per-gjyqesorin\/","title":{"rendered":"Sadushi: S\u2019duam l\u00ebmosh\u00eb, t\u00eb plot\u00ebsohen detyrimet p\u00ebr gjyq\u00ebsorin"},"content":{"rendered":"<p>\u201c10 maji sh\u00ebnon nj\u00eb dat\u00eb t\u00eb r\u00ebnd\u00ebsishme p\u00ebr gjyq\u00ebsorin shqiptar. E njohim si \u201cDita e Drejt\u00ebsis\u00eb\u201d, por n\u00eb fakt \u00ebsht\u00eb e lidhur ngusht\u00ebsisht me krijimin p\u00ebr her\u00eb t\u00eb par\u00eb t\u00eb Gjykat\u00ebs s\u00eb Lart\u00eb\u201d.<\/p>\n<p>K\u00ebshtu e nis fjal\u00ebn e tij Kryetari i Gjykat\u00ebs s\u00eb Lart\u00eb, Sokol Sadushi t\u00eb premten e 10 majit.<\/p>\n<p>Ai b\u00ebn me dije se sot, \u201cn\u00eb k\u00ebt\u00eb takim mes gjyqtar\u00ebve, fokusi do t\u00eb jet\u00eb n\u00eb dy \u00e7\u00ebshtje kryesore: marr\u00ebdh\u00ebniet mes gjykatave dhe organeve t\u00eb qeverisjes s\u00eb sistemit dhe kontrolli rishikues i vendimeve gjyq\u00ebsore\u201d.<\/p>\n<p>Sadushi ravij\u00ebzon se \u201ctri jan\u00eb drejtimet kryesore, q\u00eb evidentojn\u00eb mir\u00eb apo keq administrimin e drejt\u00ebsis\u00eb\u201d.<\/p>\n<div class=\"ads square\">\n<p>    <a href=\"https:\/\/track.adform.net\/C\/?bn=73199340;C=0\" target=\"_blank\" rel=\"noopener\"><br \/>\n    <img loading=\"lazy\" decoding=\"async\" src=\"https:\/\/track.adform.net\/adfserve\/?bn=73199340;srctype=4;ord=%5Btimestamp%5D\" border=\"0\" width=\"300\" height=\"250\" alt=\"reklama iqos\"><br \/>\n    <\/a><\/p><\/div>\n<p>S\u00eb pari, b\u00ebn me dije ai \u201cgjykatat kan\u00eb mang\u00ebsi t\u00eb theksuara n\u00eb infrastruktur\u00eb, q\u00eb evidentohet me: godina t\u00eb amortizuara dhe me kufizime t\u00eb ndjeshme t\u00eb hap\u00ebsir\u00ebs s\u00eb duhur p\u00ebr pun\u00eb, zyra t\u00eb pamjaftueshme dhe m\u00eb e r\u00ebnda, n\u00eb disa gjykata, pa salla gjykimi, ku seancat gjyq\u00ebsore zhvillohen n\u00eb zyrat e gjyqtar\u00ebve dhe pa regjistrimin e procesit n\u00eb audio, \u00a0nj\u00eb sistem elektronik, pothuajse anakronik, q\u00eb nuk siguron informacion menaxherial, por vet\u00ebm informacion t\u00eb kufizuar statistikor mbi numrin e \u00e7\u00ebshtjeve t\u00eb regjistruara e t\u00eb p\u00ebrfunduara\u201d.<\/p>\n<p>S\u00eb dyti, sipas tij \u201cGjykata ka mungesa t\u00eb ndjeshme n\u00eb burime njer\u00ebzore, kryesisht n\u00eb k\u00ebshilltar\u00eb\/ndihm\u00ebs ligjor\u00eb, sekretar\u00eb gjyq\u00ebsor\u00eb dhe stafin ndihm\u00ebs administrativ\u201d.<\/p>\n<p>\u201cMenaxhimi i burimeve njer\u00ebzore nuk duhet par\u00eb si nj\u00eb rol administrativ, por si rol strategjik e thelb\u00ebsor p\u00ebr suksesin e gjyq\u00ebsorit. \u00a0Mungon nj\u00eb strategji e qart\u00eb se si mund t\u00eb realizohet p\u00ebrmbushja e k\u00ebtij detyrimi nga KLGJ, kur pengesat p\u00ebr t\u00eb shtuar numrin e ndihm\u00ebsve ligjor\u00eb, sekretareve gjyq\u00ebsore apo t\u00eb stafit administrativ rezultojn\u00eb t\u00eb jen\u00eb sa ligjore, aq edhe financiare e strukturore, sidomos kur planifikohet buxheti dhe nuk parashikohet dhe as insistohet te ekzekutivi dhe legjislativi p\u00ebr nevoj\u00ebn e rritjes s\u00eb numrit t\u00eb punonj\u00ebsve n\u00eb gjykata\u201d.<\/p>\n<p>S\u00eb treti, p\u00ebrsiat Sadushi \u201cmbetet ende shqet\u00ebsim trajtimi i buxhetit financiar q\u00eb Kuvendi i akordon Gjykat\u00ebs s\u00eb Lart\u00eb dhe t\u00eb gjith\u00eb gjykatave, n\u00ebp\u00ebrmjet KLGJ, e cila nuk duket se e ka kuptuar drejt pavar\u00ebsin\u00eb buxhetore t\u00eb gjyq\u00ebsorit\u201d.<\/p>\n<p>\u201cN\u00eb disa raste jan\u00eb v\u00ebn\u00eb re prirje p\u00ebr t\u00eb konfonduar mbik\u00ebqyrjen administrative me mbik\u00ebqyrjen gjyq\u00ebsore. KLGJ sipas kushtetut\u00ebs \u00ebsht\u00eb organ administrativ, nd\u00ebrsa Gjykata e Lart\u00eb dhe t\u00eb gjitha gjykatat jan\u00eb organ gjyq\u00ebsor. I pari \u00ebsht\u00eb krijuar p\u00ebr t\u00eb leht\u00ebsuar pun\u00ebn dhe mir\u00ebfunksionimin e t\u00eb dytit, i cili duhet t\u00eb fokusohet tek dh\u00ebnia e drejt\u00ebsis\u00eb. Nj\u00eb pjes\u00eb e madhe e koh\u00ebs dhe energjis\u00eb s\u00eb gjykatave shpenzohet me komunikime t\u00eb p\u00ebrs\u00ebritura p\u00ebr \u00e7\u00ebshtje t\u00eb buxhetit, gj\u00eb e cila jo vet\u00ebm \u00ebsht\u00eb konsumim i koh\u00ebs, por mbi t\u00eb gjitha nuk pajtohet me kultur\u00ebn institucionale n\u00eb nj\u00eb shtet demokratik\u201d.<\/p>\n<p>N\u00eb takim me gjyqtar\u00ebt, Sadushi u rikujtoi an\u00ebtar\u00ebve t\u00eb KLGJ se jan\u00eb zgjedhur p\u00ebr t\u00eb ushtruar k\u00ebt\u00eb detyr\u00eb me funksion t\u00eb plot\u00eb dhe tha se duhet t\u00eb rrisin tempin e pun\u00ebs.<\/p>\n<p>Sadushi \u2018tregoi edhe an\u00ebn tjet\u00ebr t\u00eb medaljes\u2019, kur tha se gjyqtar\u00ebt n\u00ebp\u00ebr gjykata t\u00eb tjerat p\u00ebrballen me nj\u00eb fluks pune dhe kan\u00eb humbur edhe nocionin e dit\u00ebve si edhe t\u00eb pushimit javor.<\/p>\n<p>\u201cAn\u00ebtar\u00ebt e KLGJ, t\u00eb cil\u00ebve duhet tu rikujtojm\u00eb se jan\u00eb zgjedhur p\u00ebr t\u00eb ushtruar k\u00ebt\u00eb funksion me koh\u00eb t\u00eb plot\u00eb, duhet t\u00eb rritin maksimalisht tempin e pun\u00ebs, ashtu si koleg\u00ebt e tyre gjyqtar\u00eb, q\u00eb p\u00ebr shkak t\u00eb mbingarkes\u00ebs kan\u00eb humbur nocionin e dit\u00ebve t\u00eb pushimit ditor e javor. Nevojat q\u00eb ka sistemi i drejt\u00ebsis\u00eb nuk jan\u00eb vet\u00ebm t\u00eb gjyqtar\u00ebve, por ato shkojn\u00eb n\u00eb drejtim t\u00eb sh\u00ebrbimit q\u00eb u jepet qytetar\u00ebve\u201d.<\/p>\n<p>M\u00eb tej, Sadushi k\u00ebrkoi nga KLGJ q\u00eb t\u00eb adresoj\u00eb me forc\u00eb te qeveria dhe parlamenti nevojat imediate t\u00eb sistemit gjyq\u00ebsor.<\/p>\n<p>\u201dKy forum mes gjyqtar\u00ebsh \u00ebsht\u00eb vendi m\u00eb i p\u00ebrshtatsh\u00ebm p\u00ebr t\u2019u shprehur dhe p\u00ebr t\u00eb nxitur KLGJ p\u00ebr t\u00eb adresuar me forc\u00eb tek qeveria dhe parlamenti nevojat imediate t\u00eb sistemit gjyq\u00ebsor. Askush m\u00eb mir\u00eb se gjyqtar\u00ebt nuk i di problemet e gjyq\u00ebsorit, askush m\u00eb mir\u00eb se gjyqtar\u00ebt nuk e kupton dhe ndjen pesh\u00ebn e padrejt\u00ebsis\u00eb, cenimin e pavar\u00ebsis\u00eb dhe presionin p\u00ebr shkak t\u00eb saj. Ne jemi ata q\u00eb duhet ta b\u00ebjm\u00eb sistemin gjyq\u00ebsor t\u00eb besuesh\u00ebm, profesional dhe me integritet\u201d, vijoi Sadushi.<\/p>\n<p>Me kritika ka folur p\u00ebr hart\u00ebn e re gjyq\u00ebsore, nd\u00ebrsa u ndal gjat\u00eb edhe n\u00eb funksionimin e Gjykat\u00ebs s\u00eb Apelit t\u00eb P\u00ebrgjithsh\u00ebm (1 Apel n\u00eb gjith\u00eb vendin pas hart\u00ebs s\u00eb re gjyq\u00ebsore).<\/p>\n<p>Sadushi tha Apeli i P\u00ebrgjithsh\u00ebm u krijua me nj\u00eb organik\u00eb prej 78 gjyqtar\u00ebsh, nd\u00ebrkoh\u00eb q\u00eb rezulton me vet\u00ebm 26 gjyqtar\u00eb, ose 30% e kapacitetit. Sadushi shtoi se sallat dhe zyrtar n\u00eb Apel nuk mjaftojn\u00eb as p\u00ebr 30 gjyqtar\u00eb.<\/p>\n<p>Nd\u00ebrkoh\u00eb, ai shtoi se stoku prej 60 mij\u00eb dosjesh rrezikon q\u00eb t\u00eb \u00e7oj\u00eb drejt kolapsit sistemin e drejt\u00ebsis\u00eb.<\/p>\n<p>The post <a rel=\"nofollow\" href=\"https:\/\/albanianpost.com\/sadushi-sduam-lemoshe-te-plotesohen-detyrimet-per-gjyqesorin\/\">Sadushi: S\u2019duam l\u00ebmosh\u00eb, t\u00eb plot\u00ebsohen detyrimet p\u00ebr gjyq\u00ebsorin<\/a> appeared first on <a rel=\"nofollow\" href=\"https:\/\/albanianpost.com\/\">Albanian Post<\/a>.<\/p>\n","protected":false},"excerpt":{"rendered":"<p>\u201c10 maji sh\u00ebnon nj\u00eb dat\u00eb t\u00eb r\u00ebnd\u00ebsishme p\u00ebr gjyq\u00ebsorin shqiptar. E njohim si \u201cDita e Drejt\u00ebsis\u00eb\u201d, por n\u00eb fakt \u00ebsht\u00eb e lidhur ngusht\u00ebsisht me krijimin p\u00ebr her\u00eb t\u00eb par\u00eb t\u00eb Gjykat\u00ebs s\u00eb Lart\u00eb\u201d. K\u00ebshtu e nis fjal\u00ebn e tij Kryetari i Gjykat\u00ebs s\u00eb Lart\u00eb, Sokol Sadushi t\u00eb premten e 10 majit. Ai b\u00ebn me dije [&hellip;]<\/p>\n","protected":false},"author":1,"featured_media":2599,"comment_status":"open","ping_status":"open","sticky":false,"template":"","format":"standard","meta":{"footnotes":""},"categories":[1],"tags":[],"class_list":["post-2598","post","type-post","status-publish","format-standard","has-post-thumbnail","hentry","category-uncategorized"],"_links":{"self":[{"href":"https:\/\/radiogjilani.com\/index.php\/wp-json\/wp\/v2\/posts\/2598","targetHints":{"allow":["GET"]}}],"collection":[{"href":"https:\/\/radiogjilani.com\/index.php\/wp-json\/wp\/v2\/posts"}],"about":[{"href":"https:\/\/radiogjilani.com\/index.php\/wp-json\/wp\/v2\/types\/post"}],"author":[{"embeddable":true,"href":"https:\/\/radiogjilani.com\/index.php\/wp-json\/wp\/v2\/users\/1"}],"replies":[{"embeddable":true,"href":"https:\/\/radiogjilani.com\/index.php\/wp-json\/wp\/v2\/comments?post=2598"}],"version-history":[{"count":0,"href":"https:\/\/radiogjilani.com\/index.php\/wp-json\/wp\/v2\/posts\/2598\/revisions"}],"wp:featuredmedia":[{"embeddable":true,"href":"https:\/\/radiogjilani.com\/index.php\/wp-json\/wp\/v2\/media\/2599"}],"wp:attachment":[{"href":"https:\/\/radiogjilani.com\/index.php\/wp-json\/wp\/v2\/media?parent=2598"}],"wp:term":[{"taxonomy":"category","embeddable":true,"href":"https:\/\/radiogjilani.com\/index.php\/wp-json\/wp\/v2\/categories?post=2598"},{"taxonomy":"post_tag","embeddable":true,"href":"https:\/\/radiogjilani.com\/index.php\/wp-json\/wp\/v2\/tags?post=2598"}],"curies":[{"name":"wp","href":"https:\/\/api.w.org\/{rel}","templated":true}]}}