{"id":2634,"date":"2024-05-11T19:35:26","date_gmt":"2024-05-11T19:35:26","guid":{"rendered":"https:\/\/radiogjilani.com\/index.php\/2024\/05\/11\/fonseca-mohon-marreveshjen-me-marseille-mes-lidhjeve-me-milan-in\/"},"modified":"2024-05-11T19:35:26","modified_gmt":"2024-05-11T19:35:26","slug":"fonseca-mohon-marreveshjen-me-marseille-mes-lidhjeve-me-milan-in","status":"publish","type":"post","link":"https:\/\/radiogjilani.com\/index.php\/2024\/05\/11\/fonseca-mohon-marreveshjen-me-marseille-mes-lidhjeve-me-milan-in\/","title":{"rendered":"Fonseca mohon marr\u00ebveshjen me Marseille mes lidhjeve me Milan-in"},"content":{"rendered":"<p>Objektivi i Milan-it, Paulo Fonseca mohon se ai ka arritur nj\u00eb marr\u00ebveshje me Marseille dhe k\u00ebmb\u00ebngul se ai do t\u00eb vendos\u00eb p\u00ebr t\u00eb ardhmen e tij n\u00eb fund t\u00eb sezonit.<\/p>\n<p>Fonseca, ish-trajneri i Roma-s, \u00ebsht\u00eb kandidat p\u00ebr postin te Milan-i n\u00eb sezonin 2024-25, duke qen\u00eb se kuqezinjt\u00eb pritet t\u00eb ndahen me Stefano Pioli-n.<\/p>\n<p>Fonseca \u00ebsht\u00eb nj\u00eb nga opsionet kryesore, sipas disa burimeve, edhe pse prioriteti i kuqezinjve duket se \u00ebsht\u00eb Sergio Conceicao.<\/p>\n<p>Raportet n\u00eb Franc\u00eb dhe Itali pretendojn\u00eb se Fonseca ka arritur nj\u00eb marr\u00ebveshje me rival\u00ebt vendas t\u00eb Lille, Marseille, por trajneri portugez e mohoi at\u00eb gjat\u00eb nj\u00eb konference p\u00ebr shtyp t\u00eb shtun\u00ebn.<\/p>\n<div class=\"ads square\">\n<p>    <a href=\"https:\/\/track.adform.net\/C\/?bn=73199340;C=0\" target=\"_blank\" rel=\"noopener\"><br \/>\n    <img loading=\"lazy\" decoding=\"async\" src=\"https:\/\/track.adform.net\/adfserve\/?bn=73199340;srctype=4;ord=%5Btimestamp%5D\" border=\"0\" width=\"300\" height=\"250\" alt=\"reklama iqos\"><br \/>\n    <\/a><\/p><\/div>\n<p>\u201cAjo q\u00eb u publikua dje nuk \u00ebsht\u00eb e v\u00ebrtet\u00eb. Nuk e di kush foli, por nuk \u00ebsht\u00eb e v\u00ebrtet\u00eb\u201d, tha ai.<\/p>\n<p>\u201cNuk kam marr\u00ebveshje me nj\u00eb klub tjet\u00ebr. Jam plot\u00ebsisht i fokusuar n\u00eb dy ndeshjet tona t\u00eb fundit. Do t\u00eb vendos pas k\u00ebtyre dy ndeshjeve. Sot, nuk dua t\u00eb flas p\u00ebr t\u00eb gjitha k\u00ebto. Dua t\u00eb mendoj p\u00ebr Nantes dhe Nice. P\u00ebr momentin gjith\u00e7ka \u00ebsht\u00eb e mundur\u201d, theksoi portugezi.<\/p>\n<p>Marr\u00ebveshja e Fonseca me Lille skadon n\u00eb qershor, k\u00ebshtu q\u00eb, n\u00eb let\u00ebr, ai \u00ebsht\u00eb i disponuesh\u00ebm kontraktualisht p\u00ebr pun\u00ebn te Milan-i.<\/p>\n<p>Nj\u00eb tjet\u00ebr kandidat portugez p\u00ebr gjigant\u00ebt e Serie A, Conceicao, gjithashtu foli me gazetar\u00ebt t\u00eb shtun\u00ebn, duke th\u00ebn\u00eb se nuk po mendon t\u00eb largohet nga Porto, me t\u00eb cilin s\u00eb fundmi ka n\u00ebnshkruar nj\u00eb zgjatje t\u00eb kontrat\u00ebs deri n\u00eb qershor 2028.<\/p>\n<p>Milani i Pioli-t luan t\u00eb shtun\u00ebn mbr\u00ebma, duke pritur Cagliari-n e Claudio Ranieri-t n\u00eb \u201cSan Siro\u201d.<\/p>\n<p>The post <a rel=\"nofollow\" href=\"https:\/\/albanianpost.com\/fonseca-mohon-marreveshjen-me-marseille-mes-lidhjeve-me-milan-in\/\">Fonseca mohon marr\u00ebveshjen me Marseille mes lidhjeve me Milan-in<\/a> appeared first on <a rel=\"nofollow\" href=\"https:\/\/albanianpost.com\/\">Albanian Post<\/a>.<\/p>\n","protected":false},"excerpt":{"rendered":"<p>Objektivi i Milan-it, Paulo Fonseca mohon se ai ka arritur nj\u00eb marr\u00ebveshje me Marseille dhe k\u00ebmb\u00ebngul se ai do t\u00eb vendos\u00eb p\u00ebr t\u00eb ardhmen e tij n\u00eb fund t\u00eb sezonit. Fonseca, ish-trajneri i Roma-s, \u00ebsht\u00eb kandidat p\u00ebr postin te Milan-i n\u00eb sezonin 2024-25, duke qen\u00eb se kuqezinjt\u00eb pritet t\u00eb ndahen me Stefano Pioli-n. Fonseca \u00ebsht\u00eb [&hellip;]<\/p>\n","protected":false},"author":1,"featured_media":2635,"comment_status":"open","ping_status":"open","sticky":false,"template":"","format":"standard","meta":{"footnotes":""},"categories":[1],"tags":[],"class_list":["post-2634","post","type-post","status-publish","format-standard","has-post-thumbnail","hentry","category-uncategorized"],"_links":{"self":[{"href":"https:\/\/radiogjilani.com\/index.php\/wp-json\/wp\/v2\/posts\/2634","targetHints":{"allow":["GET"]}}],"collection":[{"href":"https:\/\/radiogjilani.com\/index.php\/wp-json\/wp\/v2\/posts"}],"about":[{"href":"https:\/\/radiogjilani.com\/index.php\/wp-json\/wp\/v2\/types\/post"}],"author":[{"embeddable":true,"href":"https:\/\/radiogjilani.com\/index.php\/wp-json\/wp\/v2\/users\/1"}],"replies":[{"embeddable":true,"href":"https:\/\/radiogjilani.com\/index.php\/wp-json\/wp\/v2\/comments?post=2634"}],"version-history":[{"count":0,"href":"https:\/\/radiogjilani.com\/index.php\/wp-json\/wp\/v2\/posts\/2634\/revisions"}],"wp:featuredmedia":[{"embeddable":true,"href":"https:\/\/radiogjilani.com\/index.php\/wp-json\/wp\/v2\/media\/2635"}],"wp:attachment":[{"href":"https:\/\/radiogjilani.com\/index.php\/wp-json\/wp\/v2\/media?parent=2634"}],"wp:term":[{"taxonomy":"category","embeddable":true,"href":"https:\/\/radiogjilani.com\/index.php\/wp-json\/wp\/v2\/categories?post=2634"},{"taxonomy":"post_tag","embeddable":true,"href":"https:\/\/radiogjilani.com\/index.php\/wp-json\/wp\/v2\/tags?post=2634"}],"curies":[{"name":"wp","href":"https:\/\/api.w.org\/{rel}","templated":true}]}}