{"id":2636,"date":"2024-05-11T19:35:25","date_gmt":"2024-05-11T19:35:25","guid":{"rendered":"https:\/\/radiogjilani.com\/index.php\/2024\/05\/11\/juventus-synon-mbrojtesin-e-irlandes\/"},"modified":"2024-05-11T19:35:25","modified_gmt":"2024-05-11T19:35:25","slug":"juventus-synon-mbrojtesin-e-irlandes","status":"publish","type":"post","link":"https:\/\/radiogjilani.com\/index.php\/2024\/05\/11\/juventus-synon-mbrojtesin-e-irlandes\/","title":{"rendered":"Juventus synon mbrojt\u00ebsin e Irland\u00ebs"},"content":{"rendered":"<p>Mbrojt\u00ebsi irlandez Jake O\u2019Brien po monitorohet nga Juventus-i, por \u201cZonja e Vjet\u00ebr\u201d mund t\u00eb n\u00ebnshkruaj\u00eb me 22-vje\u00e7arin dhe Riccardo Calafiori-n vet\u00ebm n\u00ebse Gleison Bremer largohet.<\/p>\n<p>Juventus-i \u00ebsht\u00eb i interesuar p\u00ebr qend\u00ebrmbrojt\u00ebsin e Lyon, O\u2019Brien, edhe n\u00ebse objektivi i tyre prioritar p\u00ebr t\u00eb forcuar mbrojtjen e tyre n\u00eb sezonin 2024-25 mbetet Calafiori.<\/p>\n<p>\u201cLa Gazzetta dello Sport\u201d raporton se \u201cZonja e Vjet\u00ebr\u201d mund t\u00eb n\u00ebnshkruaj\u00eb me t\u00eb dy qend\u00ebrmbrojt\u00ebsit vet\u00ebm n\u00ebse Bremer largohet.<\/p>\n<p>Qend\u00ebrmbrojt\u00ebsi brazilian ka nj\u00eb klauzol\u00eb prej 60 milion\u00eb euro t\u00eb p\u00ebrfshir\u00eb n\u00eb kontrat\u00ebn e tij. Edhe pse do t\u00eb jet\u00eb e vlefshme nga vera e vitit 2025, ekziston nj\u00eb \u201cmarr\u00ebveshje zot\u00ebrinj\u00ebsh\u201d mes dy pal\u00ebve, e cila do ta lejonte mbrojt\u00ebsin t\u00eb largohej n\u00ebse klubi merr nj\u00eb ofert\u00eb t\u00eb ngjashme k\u00ebt\u00eb ver\u00eb.<\/p>\n<div class=\"ads square\">\n<p>    <a href=\"https:\/\/track.adform.net\/C\/?bn=73199340;C=0\" target=\"_blank\" rel=\"noopener\"><br \/>\n    <img loading=\"lazy\" decoding=\"async\" src=\"https:\/\/track.adform.net\/adfserve\/?bn=73199340;srctype=4;ord=%5Btimestamp%5D\" border=\"0\" width=\"300\" height=\"250\" alt=\"reklama iqos\"><br \/>\n    <\/a><\/p><\/div>\n<p>Manchester United \u00ebsht\u00eb adhurues prej koh\u00ebsh i Bremer-it, por \u201cDjajt\u00eb e Kuq\u201d nuk do t\u00eb luajn\u00eb n\u00eb Champions League k\u00ebt\u00eb sezon, dhe sipas \u201cGazzetta\u201d-s, kjo mund ta bind\u00eb 27-vje\u00e7arin t\u00eb q\u00ebndroj\u00eb n\u00eb Torino edhe p\u00ebrtej ver\u00ebs.<\/p>\n<p>Por, kjo nuk do t\u00eb thot\u00eb 100 p\u00ebr qind se ai do t\u00eb q\u00ebndroj\u00eb te Juventus-i pasi Manchester United mund t\u00eb tundoj\u00eb ende ish-mbrojt\u00ebsin e Torino-s, nd\u00ebrsa klube t\u00eb tjera mund t\u00eb tregojn\u00eb gjithashtu interes p\u00ebr yllin brazilian.<\/p>\n<p>The post <a rel=\"nofollow\" href=\"https:\/\/albanianpost.com\/juventus-synon-mbrojtesin-e-irlandes\/\">Juventus synon mbrojt\u00ebsin e Irland\u00ebs<\/a> appeared first on <a rel=\"nofollow\" href=\"https:\/\/albanianpost.com\/\">Albanian Post<\/a>.<\/p>\n","protected":false},"excerpt":{"rendered":"<p>Mbrojt\u00ebsi irlandez Jake O\u2019Brien po monitorohet nga Juventus-i, por \u201cZonja e Vjet\u00ebr\u201d mund t\u00eb n\u00ebnshkruaj\u00eb me 22-vje\u00e7arin dhe Riccardo Calafiori-n vet\u00ebm n\u00ebse Gleison Bremer largohet. Juventus-i \u00ebsht\u00eb i interesuar p\u00ebr qend\u00ebrmbrojt\u00ebsin e Lyon, O\u2019Brien, edhe n\u00ebse objektivi i tyre prioritar p\u00ebr t\u00eb forcuar mbrojtjen e tyre n\u00eb sezonin 2024-25 mbetet Calafiori. \u201cLa Gazzetta dello Sport\u201d [&hellip;]<\/p>\n","protected":false},"author":1,"featured_media":2637,"comment_status":"open","ping_status":"open","sticky":false,"template":"","format":"standard","meta":{"footnotes":""},"categories":[1],"tags":[],"class_list":["post-2636","post","type-post","status-publish","format-standard","has-post-thumbnail","hentry","category-uncategorized"],"_links":{"self":[{"href":"https:\/\/radiogjilani.com\/index.php\/wp-json\/wp\/v2\/posts\/2636","targetHints":{"allow":["GET"]}}],"collection":[{"href":"https:\/\/radiogjilani.com\/index.php\/wp-json\/wp\/v2\/posts"}],"about":[{"href":"https:\/\/radiogjilani.com\/index.php\/wp-json\/wp\/v2\/types\/post"}],"author":[{"embeddable":true,"href":"https:\/\/radiogjilani.com\/index.php\/wp-json\/wp\/v2\/users\/1"}],"replies":[{"embeddable":true,"href":"https:\/\/radiogjilani.com\/index.php\/wp-json\/wp\/v2\/comments?post=2636"}],"version-history":[{"count":0,"href":"https:\/\/radiogjilani.com\/index.php\/wp-json\/wp\/v2\/posts\/2636\/revisions"}],"wp:featuredmedia":[{"embeddable":true,"href":"https:\/\/radiogjilani.com\/index.php\/wp-json\/wp\/v2\/media\/2637"}],"wp:attachment":[{"href":"https:\/\/radiogjilani.com\/index.php\/wp-json\/wp\/v2\/media?parent=2636"}],"wp:term":[{"taxonomy":"category","embeddable":true,"href":"https:\/\/radiogjilani.com\/index.php\/wp-json\/wp\/v2\/categories?post=2636"},{"taxonomy":"post_tag","embeddable":true,"href":"https:\/\/radiogjilani.com\/index.php\/wp-json\/wp\/v2\/tags?post=2636"}],"curies":[{"name":"wp","href":"https:\/\/api.w.org\/{rel}","templated":true}]}}