{"id":2660,"date":"2024-05-12T20:33:36","date_gmt":"2024-05-12T20:33:36","guid":{"rendered":"https:\/\/radiogjilani.com\/index.php\/2024\/05\/12\/kurti-prizreni-do-te-lidhet-me-tetoven-dhe-shkodren\/"},"modified":"2024-05-12T20:33:36","modified_gmt":"2024-05-12T20:33:36","slug":"kurti-prizreni-do-te-lidhet-me-tetoven-dhe-shkodren","status":"publish","type":"post","link":"https:\/\/radiogjilani.com\/index.php\/2024\/05\/12\/kurti-prizreni-do-te-lidhet-me-tetoven-dhe-shkodren\/","title":{"rendered":"Kurti: Prizreni do t\u00eb lidhet me Tetov\u00ebn dhe Shkodr\u00ebn"},"content":{"rendered":"<p>Kryeministri i Kosov\u00ebs, Albin Kurti tha sot se, Prizreni do t\u00eb lidhet me Tetov\u00ebn e Maqedonis\u00eb s\u00eb Veriut dhe Shkodr\u00ebn e Shqip\u00ebris\u00eb. \u201cRruga Prizren-Tetov\u00eb po b\u00ebhet. Kjo rrug\u00eb do t\u2019i lidh dhe forcoj\u00eb shqiptar\u00ebt, por si Lidhja ku jemi sot\u201d, tha Kurti. Sipas tij, Prizreni nuk do t\u00eb lidhet vet\u00ebm me Tetov\u00ebn. \u201cPrizrenin dhe Gjakov\u00ebn do ta lidhim edhe me Shkodr\u00ebn\u201d, tha ai.<\/p>\n<p><a href=\"https:\/\/ekonomiaonline.com\/kurti-prizreni-do-te-lidhet-me-tetoven-dhe-shkodren\/\" rel=\"nofollow\">Source<\/a><\/p>\n","protected":false},"excerpt":{"rendered":"<p>Kryeministri i Kosov\u00ebs, Albin Kurti tha sot se, Prizreni do t\u00eb lidhet me Tetov\u00ebn e Maqedonis\u00eb s\u00eb Veriut dhe Shkodr\u00ebn e Shqip\u00ebris\u00eb. \u201cRruga Prizren-Tetov\u00eb po b\u00ebhet. Kjo rrug\u00eb do t\u2019i lidh dhe forcoj\u00eb shqiptar\u00ebt, por si Lidhja ku jemi sot\u201d, tha Kurti. Sipas tij, Prizreni nuk do t\u00eb lidhet vet\u00ebm me Tetov\u00ebn. \u201cPrizrenin dhe Gjakov\u00ebn [&hellip;]<\/p>\n","protected":false},"author":1,"featured_media":2661,"comment_status":"open","ping_status":"open","sticky":false,"template":"","format":"standard","meta":{"footnotes":""},"categories":[19],"tags":[],"class_list":["post-2660","post","type-post","status-publish","format-standard","has-post-thumbnail","hentry","category-eko"],"_links":{"self":[{"href":"https:\/\/radiogjilani.com\/index.php\/wp-json\/wp\/v2\/posts\/2660","targetHints":{"allow":["GET"]}}],"collection":[{"href":"https:\/\/radiogjilani.com\/index.php\/wp-json\/wp\/v2\/posts"}],"about":[{"href":"https:\/\/radiogjilani.com\/index.php\/wp-json\/wp\/v2\/types\/post"}],"author":[{"embeddable":true,"href":"https:\/\/radiogjilani.com\/index.php\/wp-json\/wp\/v2\/users\/1"}],"replies":[{"embeddable":true,"href":"https:\/\/radiogjilani.com\/index.php\/wp-json\/wp\/v2\/comments?post=2660"}],"version-history":[{"count":0,"href":"https:\/\/radiogjilani.com\/index.php\/wp-json\/wp\/v2\/posts\/2660\/revisions"}],"wp:featuredmedia":[{"embeddable":true,"href":"https:\/\/radiogjilani.com\/index.php\/wp-json\/wp\/v2\/media\/2661"}],"wp:attachment":[{"href":"https:\/\/radiogjilani.com\/index.php\/wp-json\/wp\/v2\/media?parent=2660"}],"wp:term":[{"taxonomy":"category","embeddable":true,"href":"https:\/\/radiogjilani.com\/index.php\/wp-json\/wp\/v2\/categories?post=2660"},{"taxonomy":"post_tag","embeddable":true,"href":"https:\/\/radiogjilani.com\/index.php\/wp-json\/wp\/v2\/tags?post=2660"}],"curies":[{"name":"wp","href":"https:\/\/api.w.org\/{rel}","templated":true}]}}