{"id":2680,"date":"2024-05-12T20:34:23","date_gmt":"2024-05-12T20:34:23","guid":{"rendered":"https:\/\/radiogjilani.com\/index.php\/2024\/05\/12\/greqia-pergjigjet-ashper-pas-betimit-te-davkoves-si-presidente-e-maqedonise-kursi-evropian-varet-nga-prespa-respektoni-marreveshjen\/"},"modified":"2024-05-12T20:34:23","modified_gmt":"2024-05-12T20:34:23","slug":"greqia-pergjigjet-ashper-pas-betimit-te-davkoves-si-presidente-e-maqedonise-kursi-evropian-varet-nga-prespa-respektoni-marreveshjen","status":"publish","type":"post","link":"https:\/\/radiogjilani.com\/index.php\/2024\/05\/12\/greqia-pergjigjet-ashper-pas-betimit-te-davkoves-si-presidente-e-maqedonise-kursi-evropian-varet-nga-prespa-respektoni-marreveshjen\/","title":{"rendered":"Greqia p\u00ebrgjigjet ashp\u00ebr pas betimit t\u00eb Davkov\u00ebs si Presidente e \u201cMaqedonis\u00eb\u201d: Kursi evropian varet nga Prespa, respektoni marr\u00ebveshjen"},"content":{"rendered":"<p>Pas nj\u00eb betimi tejet t\u00eb diskutuar t\u00eb presidentes s\u00eb re maqedonase, Gordana Silianovska-Davkova, ku ajo vler\u00ebsoi q\u00eb t\u2019i referohej vetes jo me termin zyrtar, Presidente e Maqedonis\u00eb s\u00eb Veriut, por Presidente e Maqedonis\u00eb, ka ardhur edhe nj\u00eb reagim i ashp\u00ebr i Greqis\u00eb.<\/p>\n<p>N\u00eb baz\u00eb t\u00eb nj\u00eb njoftimi nga Ministria greke e Pun\u00ebve t\u00eb Jashtme, reflektohet qart\u00ebsisht fakti se si Davkovka, zgjodhi ta quaj\u00eb vendin e saj \u201cMaqedoni\u201d dhe jo \u201cMaqedoni e Veriut\u201d, sipas marr\u00ebveshjes s\u00eb Presp\u00ebs, dakord\u00ebsuar mes vendeve, e cila m\u00eb tej i hapi rrug\u00eb edhe integrimit t\u00eb vendit ballkanik n\u00eb NATO e m\u00eb gjer\u00eb n\u00eb hapjen e negociatave drejt Bashkimit Evropian.<\/p>\n<p>Megjithat\u00eb, me k\u00ebt\u00eb zhvillim t\u00eb fundit, Greqia duket se ka l\u00ebshuar paralajm\u00ebrime t\u00eb qart\u00eb se do t\u00eb mund t\u00eb ket\u00eb bllokime, n\u00ebse q\u00ebndrimi i presidentes s\u00eb re maqedonase nuk ndryshon.<\/p>\n<p>\u201cKy akt shkel n\u00eb m\u00ebnyr\u00eb flagrante Marr\u00ebveshjen e Presp\u00ebs si dhe Kushtetut\u00ebn e shtetit fqinj, e cila \u00ebsht\u00eb harmonizuar me detyrimet e tij nd\u00ebrkomb\u00ebtare. Qeveria greke, me gjith\u00eb kund\u00ebrshtimet q\u00eb kishte shprehur si kund\u00ebrshtim gjat\u00eb ratifikimit t\u00eb marr\u00ebveshjes, e respektoi at\u00eb si nj\u00eb traktat nd\u00ebrkomb\u00ebtar t\u00eb ratifikuar q\u00eb ka p\u00ebrpar\u00ebsi ndaj \u00e7do dispozite tjet\u00ebr t\u00eb ligji\u201d, shkruhet n\u00eb deklarat\u00eb.<\/p>\n<div class=\"ads square\">\n<p>    <a href=\"https:\/\/track.adform.net\/C\/?bn=73199340;C=0\" target=\"_blank\" rel=\"noopener\"><br \/>\n    <img loading=\"lazy\" decoding=\"async\" src=\"https:\/\/track.adform.net\/adfserve\/?bn=73199340;srctype=4;ord=%5Btimestamp%5D\" border=\"0\" width=\"300\" height=\"250\" alt=\"reklama iqos\"><br \/>\n    <\/a><\/p><\/div>\n<p>Gjithashtu, shtohet: Greqia, n\u00eb k\u00ebt\u00eb kontekst, thekson kategorikisht se p\u00ebrparimi i m\u00ebtejsh\u00ebm n\u00eb marr\u00ebdh\u00ebniet e saj dypal\u00ebshe me Maqedonin\u00eb e Veriut si dhe kursi evropian i k\u00ebsaj t\u00eb fundit varet nga zbatimi i plot\u00eb i Marr\u00ebveshjes s\u00eb Presp\u00ebs dhe mbi t\u00eb gjitha nga p\u00ebrdorimi i emrit kushtetues t\u00eb vendit.<\/p>\n<p>Nj\u00eb akt proteste ishte edhe ai i largimit t\u00eb diplomat\u00ebve grek\u00eb gjat\u00eb betimit t\u00eb Davkov\u00ebs, pasi kjo e fundit e quajti veten Presidente t\u00eb Maqedonis\u00eb.<\/p>\n<p>The post <a rel=\"nofollow\" href=\"https:\/\/albanianpost.com\/greqia-pergjigjet-ashper-pas-betimit-te-davkoves-si-presidente-e-maqedonise-kursi-evropian-varet-nga-prespa-respektoni-marreveshjen\/\">Greqia p\u00ebrgjigjet ashp\u00ebr pas betimit t\u00eb Davkov\u00ebs si Presidente e \u201cMaqedonis\u00eb\u201d: Kursi evropian varet nga Prespa, respektoni marr\u00ebveshjen<\/a> appeared first on <a rel=\"nofollow\" href=\"https:\/\/albanianpost.com\/\">Albanian Post<\/a>.<\/p>\n","protected":false},"excerpt":{"rendered":"<p>Pas nj\u00eb betimi tejet t\u00eb diskutuar t\u00eb presidentes s\u00eb re maqedonase, Gordana Silianovska-Davkova, ku ajo vler\u00ebsoi q\u00eb t\u2019i referohej vetes jo me termin zyrtar, Presidente e Maqedonis\u00eb s\u00eb Veriut, por Presidente e Maqedonis\u00eb, ka ardhur edhe nj\u00eb reagim i ashp\u00ebr i Greqis\u00eb. N\u00eb baz\u00eb t\u00eb nj\u00eb njoftimi nga Ministria greke e Pun\u00ebve t\u00eb Jashtme, reflektohet [&hellip;]<\/p>\n","protected":false},"author":1,"featured_media":2681,"comment_status":"open","ping_status":"open","sticky":false,"template":"","format":"standard","meta":{"footnotes":""},"categories":[1],"tags":[],"class_list":["post-2680","post","type-post","status-publish","format-standard","has-post-thumbnail","hentry","category-uncategorized"],"_links":{"self":[{"href":"https:\/\/radiogjilani.com\/index.php\/wp-json\/wp\/v2\/posts\/2680","targetHints":{"allow":["GET"]}}],"collection":[{"href":"https:\/\/radiogjilani.com\/index.php\/wp-json\/wp\/v2\/posts"}],"about":[{"href":"https:\/\/radiogjilani.com\/index.php\/wp-json\/wp\/v2\/types\/post"}],"author":[{"embeddable":true,"href":"https:\/\/radiogjilani.com\/index.php\/wp-json\/wp\/v2\/users\/1"}],"replies":[{"embeddable":true,"href":"https:\/\/radiogjilani.com\/index.php\/wp-json\/wp\/v2\/comments?post=2680"}],"version-history":[{"count":0,"href":"https:\/\/radiogjilani.com\/index.php\/wp-json\/wp\/v2\/posts\/2680\/revisions"}],"wp:featuredmedia":[{"embeddable":true,"href":"https:\/\/radiogjilani.com\/index.php\/wp-json\/wp\/v2\/media\/2681"}],"wp:attachment":[{"href":"https:\/\/radiogjilani.com\/index.php\/wp-json\/wp\/v2\/media?parent=2680"}],"wp:term":[{"taxonomy":"category","embeddable":true,"href":"https:\/\/radiogjilani.com\/index.php\/wp-json\/wp\/v2\/categories?post=2680"},{"taxonomy":"post_tag","embeddable":true,"href":"https:\/\/radiogjilani.com\/index.php\/wp-json\/wp\/v2\/tags?post=2680"}],"curies":[{"name":"wp","href":"https:\/\/api.w.org\/{rel}","templated":true}]}}