{"id":2682,"date":"2024-05-12T20:34:22","date_gmt":"2024-05-12T20:34:22","guid":{"rendered":"https:\/\/radiogjilani.com\/index.php\/2024\/05\/12\/rama-kerkon-hapjen-e-nje-kapitulli-te-ri-vellazerimi-rendi-evropian-dhe-paqeje-me-prosperitet-me-greqine\/"},"modified":"2024-05-12T20:34:22","modified_gmt":"2024-05-12T20:34:22","slug":"rama-kerkon-hapjen-e-nje-kapitulli-te-ri-vellazerimi-rendi-evropian-dhe-paqeje-me-prosperitet-me-greqine","status":"publish","type":"post","link":"https:\/\/radiogjilani.com\/index.php\/2024\/05\/12\/rama-kerkon-hapjen-e-nje-kapitulli-te-ri-vellazerimi-rendi-evropian-dhe-paqeje-me-prosperitet-me-greqine\/","title":{"rendered":"Rama k\u00ebrkon hapjen e nj\u00eb kapitulli t\u00eb ri v\u00ebllaz\u00ebrimi, rendi evropian dhe paqeje me prosperitet me Greqin\u00eb"},"content":{"rendered":"<p>Kryeministri shqiptar, Edi Rama, pas vizit\u00ebs s\u00eb tij n\u00eb Athin\u00eb, ka l\u00ebshuar nj\u00eb mesazh p\u00ebr shtetin fqinj, ku thekson se d\u00ebshira e plot\u00eb, \u00ebsht\u00eb ajo e nj\u00eb kapitulli t\u00eb ri t\u00eb v\u00ebllaz\u00ebrimit, rendit evropian dhe paqes me prosperitet me fqinj\u00ebt jugor\u00eb, Greqin\u00eb.<\/p>\n<p>P\u00ebrmes nj\u00eb publikimi n\u00eb median sociale Facebook, Rama shkruan po ashtu se shpreson p\u00ebr nj\u00eb realitet t\u00eb ri fal\u00eb afirmimit qytetar t\u00eb shqiptar\u00ebve, t\u00eb cil\u00ebt jetojn\u00eb n\u00eb Greqi, si edhe te nj\u00eb realitet i afirmuar i grek\u00ebve, t\u00eb cil\u00ebt jetojn\u00eb n\u00eb Shqip\u00ebri.<\/p>\n<p>T\u00eb dy pal\u00ebt, shkruan Rama, na e ka v\u00ebn\u00eb mu p\u00ebrpara syve ftes\u00ebn e urt\u00eb p\u00ebr ta par\u00eb t\u00eb shkuar\u00ebn p\u00ebrmes t\u00eb ardhmes, e jo m\u00eb anasjelltas, n\u00ebse duam bashk\u00ebrisht q\u00eb m\u00eb n\u00eb fund, Shqip\u00ebria dhe Greqia t\u00eb b\u00ebjn\u00eb p\u00ebr popujt e tyre, at\u00eb q\u00eb popujt e tyre kan\u00eb b\u00ebr\u00eb p\u00ebr nj\u00ebri-tjetrin p\u00ebrgjat\u00eb historis\u00eb.<\/p>\n<\/p>\n<div class=\"ads square\">\n<p>    <a href=\"https:\/\/track.adform.net\/C\/?bn=73199340;C=0\" target=\"_blank\" rel=\"noopener\"><br \/>\n    <img loading=\"lazy\" decoding=\"async\" src=\"https:\/\/track.adform.net\/adfserve\/?bn=73199340;srctype=4;ord=%5Btimestamp%5D\" border=\"0\" width=\"300\" height=\"250\" alt=\"reklama iqos\"><br \/>\n    <\/a><\/p><\/div>\n<h5><strong>Cilat ishin pikat kryesore t\u00eb takimit?<\/strong><\/h5>\n<p>Kryeministri shqiptar, Edi Rama, zhvilloi nj\u00eb takim me m\u00ebrgat\u00ebn shqiptare n\u00eb Athin\u00eb, ku mij\u00ebra emigrant\u00eb, t\u00eb cil\u00ebt jetojn\u00eb n\u00eb vendin fqinj, u mblodh\u00ebn p\u00ebr t\u00eb d\u00ebgjuar reflektimin e kreut t\u00eb qeveris\u00eb s\u00eb atdheut t\u00eb tyre, n\u00eb nj\u00eb tubim nd\u00ebr m\u00eb t\u00eb m\u00ebdhenjt\u00eb dhe m\u00eb me interes t\u00eb nj\u00eb lideri shqiptar jasht\u00eb vendit.<\/p>\n<div>\n<p>Ajo \u00e7far\u00eb nisi n\u00eb fillim si nj\u00eb frik\u00eb nga fqinj\u00ebt se mund t\u00eb kishte provokime n\u00eb fjalimin e Ram\u00ebs, sa i takon \u00e7\u00ebshtjes Beleri, rezultoi n\u00eb fakt n\u00eb nj\u00eb fytyr\u00eb krejt\u00ebsisht t\u00eb ndryshme dhe n\u00eb nj\u00eb shtrirje dore p\u00ebr lidhjen e nj\u00eb fqinj\u00ebsie, miq\u00ebsie dhe v\u00ebllaz\u00ebrie m\u00eb t\u00eb fort\u00eb mes dy popujve.<\/p>\n<p>N\u00eb v\u00ebmendje kryesore, ishin pa diskutim shqiptar\u00ebt, me nj\u00eb s\u00ebr\u00eb \u00e7\u00ebshtjesh, t\u00eb cilat gjet\u00ebn prioritet n\u00eb fjalimin e kryeministrit.<\/p>\n<h5>Lejet e q\u00ebndrimit dhe pensionet<\/h5>\n<p>\u00cbsht\u00eb arritur t\u00eb \u00e7elen negociatat p\u00ebr marr\u00ebveshjen e pensioneve me Greqin\u00eb. E b\u00ebri me dije vet\u00eb Rama gjat\u00eb fjalimit n\u00eb Athin\u00eb. Por problematikat mbeten.<\/p>\n<p>Nd\u00ebr to, jan\u00eb edhe lejet e q\u00ebndrimit, p\u00ebr t\u00eb cilat ai garantoi se Qeveria shqiptare po punon, duke njoftuar se tashm\u00eb \u00ebsht\u00eb hapur dialogu me qeverin\u00eb greke duke u shprehur besimplot\u00eb se kjo problematike do t\u00eb ket\u00eb nj\u00eb zgjidhje.<\/p>\n<p>\u201cKemi arritur t\u00eb \u00e7elim negociatat p\u00ebr marr\u00ebveshjen e pensioneve me Greqin\u00eb\u201d, k\u00ebt\u00eb lajm kryeministri Rama e dha gjat\u00eb fjal\u00ebs s\u00eb tij n\u00eb takimin me emigrant\u00ebt shqiptar\u00eb n\u00eb Athin\u00eb. Kemi hapur dialogun p\u00ebr problematik\u00ebn e lejes s\u00eb q\u00ebndrimit\u201d, p\u00ebrkufizoi Rama.<\/p>\n<p>Po ashtu, ai premtoi edhe ngritjen e nj\u00eb dhome tregtie shqiptaro-greke, p\u00ebr t\u00eb leht\u00ebsuar nd\u00ebrlidhjet e bizneseve mes dy vendeve.<\/p>\n<p>E vetmja gj\u00eb q\u00eb pritet, \u00ebsht\u00eb miratimi i pal\u00ebs greke, q\u00eb puna e k\u00ebsaj Dhome Tregtie t\u00eb nis\u00eb dhe t\u00eb jap\u00eb efektet e pritura.<\/p>\n<h5>Ligji i luft\u00ebs<\/h5>\n<p>Tem\u00eb tejet e diskutuar mes vendeve \u00ebsht\u00eb ligji i luft\u00ebs, ende n\u00eb fuqi nga pala e Greqis\u00eb, pavar\u00ebsisht se dy vendet prej dekadash kan\u00eb firmosur marr\u00ebveshje miq\u00ebsie dhe fqinj\u00ebsie t\u00eb mir\u00eb.<\/p>\n<p>Kjo p\u00ebr Ram\u00ebn, shfaqet si di\u00e7ka paradoksale dhe absurde.<\/p>\n<p>\u201cN\u00eb vitin 1947 Greqia ratifikon traktatit\u00a0e paqes me Italin\u00eb dhe gjendja e luft\u00ebs mbaron. Nd\u00ebrsa me Shqip\u00ebrin\u00eb dekreti i gjendjes s\u00eb luft\u00ebs dhe p\u00ebr rrjedhoja pasojat e k\u00ebtij ligji mbeten n\u00eb fuqi sot e gjith\u00eb dit\u00ebn. Megjith\u00ebse n\u00eb vitin 1998 t\u00eb dyja shtetet kan\u00eb miratuar traktatin e miq\u00ebsis\u00eb. Si ka mund\u00ebsi q\u00eb dy vende jan\u00eb bashk\u00eb n\u00eb NATO, kan\u00eb n\u00ebnshkruar traktatin e miq\u00ebsis\u00eb t\u00eb mos jet\u00eb shfuqizuar gjendja e luft\u00ebs bashk\u00eb me pasojat e nj\u00eb ligji lufte t\u00eb 84 viteve m\u00eb par\u00eb\u201d.<\/p>\n<p>Ka qen\u00eb ky reflektimi i b\u00ebr\u00eb mbi situat\u00ebn, teksa nuk ngurroi t\u00eb tregonte se pret nga shteti helen q\u00eb t\u00eb jap\u00eb nj\u00eb zgjidhje p\u00ebrfundimtare lidhur me k\u00ebt\u00eb rrethan\u00eb, e cila nuk i pasqyron marr\u00ebdh\u00ebniet e mira mes dy shteteve.<\/p>\n<h5>E ardhmja evropiane dhe pusulla p\u00ebr homologun<\/h5>\n<p>P\u00ebr kryeministrin Rama, emigrant\u00ebt shqiptar\u00eb n\u00eb Greqi jan\u00eb edhe d\u00ebshmia m\u00eb e madhe dhe m\u00eb e fort\u00eb p\u00ebr nd\u00ebrlidhjen mes miliona fijeve t\u00eb pak\u00ebputshme t\u00eb dy popujve.<\/p>\n<p>N\u00eb fjal\u00ebn e tij, kreu i qeveris\u00eb shqiptare theksoi se qytetar\u00ebve grek\u00eb t\u00eb Shqip\u00ebris\u00eb nuk u \u00ebsht\u00eb mohuar e drejta vot\u00ebs, apo zgjedhjes p\u00ebr shkak t\u00eb origjin\u00ebs tyre etnike.<\/p>\n<p>Teksa, edhe kujtoi se ky kompleksitet raportesh, nuk duhet t\u00eb mbytet n\u00eb lug\u00ebn e ujit q\u00eb sjell p\u00ebrditshm\u00ebria politike.<\/p>\n<p>Por p\u00ebrtej k\u00ebsaj, synimi i qart\u00eb i Shqip\u00ebris\u00eb \u00ebsht\u00eb ai i nj\u00eb fqinj\u00ebsie t\u00eb mir\u00eb dhe mbi t\u00eb gjitha, i integrimit n\u00eb bashk\u00ebsin\u00eb evropiane, ku Athina ndodhet prej vitesh dhe e prin rajonin n\u00eb k\u00ebt\u00eb aspekt.<\/p>\n<p>Rama e b\u00ebn t\u00eb qart\u00eb se Shqip\u00ebria nuk ka asnj\u00eb pretendim ndaj Greqis\u00eb, p\u00ebrve\u00e7se respektit.<\/p>\n<p>Por, me nj\u00eb mesazh n\u00eb form\u00eb pusulle p\u00ebr homologun grek, Mitsotakis, e reflekton se ka nevoj\u00eb t\u00eb shtyhet edhe m\u00eb shum\u00eb drejt harmonis\u00eb rajonale.<\/p>\n<p>Ia transmeton p\u00ebrmes fjal\u00ebve t\u00eb poetit t\u00eb Rilindjes, Naim Frash\u00ebri, t\u00eb cilat duken si t\u00eb jen\u00eb shkruar dje.<\/p>\n<\/p>\n<p>\u201cI dashur Kyriakos, Naim Fash\u00ebri shkroi n\u00eb Greqisht vjersh\u00ebn e tij, \u201cD\u00ebshira e v\u00ebrtet\u00eb e shqiptar\u00ebve\u201d:<\/p>\n<p>Duam me t\u00eb gjith\u00eb fqinj\u00ebt, sllav\u00eb e grek\u00eb, t\u00eb jetojm\u00eb n\u00eb harmoni, n\u00eb v\u00ebllaz\u00ebri, n\u00eb rend e paqe t\u00eb jetojm\u00eb.<\/p>\n<p>Le t\u00eb mos b\u00ebhemi armiq e t\u00eb mos zihemi.<\/p>\n<p>Mjaftojn\u00eb vuajtjet e shumta dhe tiranit\u00eb q\u00eb kemi kalur.<\/p>\n<p>\u00cbsht\u00eb koha e mir\u00ebqenies, \u00ebsht\u00eb koha e liris\u00eb.<\/p>\n<p>Shum\u00eb t\u00eb fala nga un\u00eb shqiptar\u00ebt e Greqis\u00eb.<\/p>\n<p>\u201cRroft\u00eb Shqip\u00ebria dhe Evropa demokratike. Zoti i bekoft\u00eb shqiptar\u00ebt\u201d.<\/p>\n<p>K\u00ebshtu e p\u00ebrmbylli Rama fjalimin e tij, i cili edhe historik mund t\u00eb quhet, duke u p\u00ebrulur p\u00ebrpara shqiptar\u00ebve t\u00eb Greqis\u00eb, n\u00eb takimin m\u00eb t\u00eb madh q\u00eb nj\u00eb kryeminist\u00ebr shqiptar ka mbajtur n\u00eb zem\u00ebr t\u00eb shtetit fqinj.<\/p>\n<\/p>\n<\/div>\n<p>\u00a0<\/p>\n<p>The post <a rel=\"nofollow\" href=\"https:\/\/albanianpost.com\/rama-kerkon-hapjen-e-nje-kapitulli-te-ri-vellazerimi-rendi-evropian-dhe-paqeje-me-prosperitet-me-greqine\/\">Rama k\u00ebrkon hapjen e nj\u00eb kapitulli t\u00eb ri v\u00ebllaz\u00ebrimi, rendi evropian dhe paqeje me prosperitet me Greqin\u00eb<\/a> appeared first on <a rel=\"nofollow\" href=\"https:\/\/albanianpost.com\/\">Albanian Post<\/a>.<\/p>\n","protected":false},"excerpt":{"rendered":"<p>Kryeministri shqiptar, Edi Rama, pas vizit\u00ebs s\u00eb tij n\u00eb Athin\u00eb, ka l\u00ebshuar nj\u00eb mesazh p\u00ebr shtetin fqinj, ku thekson se d\u00ebshira e plot\u00eb, \u00ebsht\u00eb ajo e nj\u00eb kapitulli t\u00eb ri t\u00eb v\u00ebllaz\u00ebrimit, rendit evropian dhe paqes me prosperitet me fqinj\u00ebt jugor\u00eb, Greqin\u00eb. P\u00ebrmes nj\u00eb publikimi n\u00eb median sociale Facebook, Rama shkruan po ashtu se shpreson [&hellip;]<\/p>\n","protected":false},"author":1,"featured_media":2683,"comment_status":"open","ping_status":"open","sticky":false,"template":"","format":"standard","meta":{"footnotes":""},"categories":[1],"tags":[],"class_list":["post-2682","post","type-post","status-publish","format-standard","has-post-thumbnail","hentry","category-uncategorized"],"_links":{"self":[{"href":"https:\/\/radiogjilani.com\/index.php\/wp-json\/wp\/v2\/posts\/2682","targetHints":{"allow":["GET"]}}],"collection":[{"href":"https:\/\/radiogjilani.com\/index.php\/wp-json\/wp\/v2\/posts"}],"about":[{"href":"https:\/\/radiogjilani.com\/index.php\/wp-json\/wp\/v2\/types\/post"}],"author":[{"embeddable":true,"href":"https:\/\/radiogjilani.com\/index.php\/wp-json\/wp\/v2\/users\/1"}],"replies":[{"embeddable":true,"href":"https:\/\/radiogjilani.com\/index.php\/wp-json\/wp\/v2\/comments?post=2682"}],"version-history":[{"count":0,"href":"https:\/\/radiogjilani.com\/index.php\/wp-json\/wp\/v2\/posts\/2682\/revisions"}],"wp:featuredmedia":[{"embeddable":true,"href":"https:\/\/radiogjilani.com\/index.php\/wp-json\/wp\/v2\/media\/2683"}],"wp:attachment":[{"href":"https:\/\/radiogjilani.com\/index.php\/wp-json\/wp\/v2\/media?parent=2682"}],"wp:term":[{"taxonomy":"category","embeddable":true,"href":"https:\/\/radiogjilani.com\/index.php\/wp-json\/wp\/v2\/categories?post=2682"},{"taxonomy":"post_tag","embeddable":true,"href":"https:\/\/radiogjilani.com\/index.php\/wp-json\/wp\/v2\/tags?post=2682"}],"curies":[{"name":"wp","href":"https:\/\/api.w.org\/{rel}","templated":true}]}}