{"id":2714,"date":"2024-05-13T21:17:59","date_gmt":"2024-05-13T21:17:59","guid":{"rendered":"https:\/\/radiogjilani.com\/index.php\/2024\/05\/13\/kurti-duhet-te-diskutojme-me-te-gjitha-partite-per-daten-e-zgjedhjeve\/"},"modified":"2024-05-13T21:17:59","modified_gmt":"2024-05-13T21:17:59","slug":"kurti-duhet-te-diskutojme-me-te-gjitha-partite-per-daten-e-zgjedhjeve","status":"publish","type":"post","link":"https:\/\/radiogjilani.com\/index.php\/2024\/05\/13\/kurti-duhet-te-diskutojme-me-te-gjitha-partite-per-daten-e-zgjedhjeve\/","title":{"rendered":"Kurti: Duhet t\u00eb diskutojm\u00eb me t\u00eb gjitha partit\u00eb p\u00ebr dat\u00ebn e zgjedhjeve"},"content":{"rendered":"<p>Kryeministri i Kosov\u00ebs, Albin Kurti ka th\u00ebn\u00eb se n\u00eb takim me liderin e PDK-s\u00eb, Memli Krasniqi jan\u00eb diskutuar \u00e7\u00ebshtje t\u00eb aktualitetit politik, me theks t\u00eb ve\u00e7ant\u00eb agjenda legjislative, raporton Ekonomia Online. Kurti ka th\u00ebn\u00eb se me kreun e PDK-s\u00eb kan\u00eb diskutuar edhe sa i p\u00ebrket ecjes s\u00eb Kosov\u00ebs n\u00eb integrimet nd\u00ebrkomb\u00ebtare, por edhe p\u00ebr mund\u00ebsin\u00eb p\u00ebr zgjedhje t\u00eb reja n\u00eb t\u00eb ardhmen e af\u00ebrt.<\/p>\n<p><a href=\"https:\/\/ekonomiaonline.com\/kurti-duhet-te-diskutojme-me-te-gjitha-partite-per-daten-e-zgjedhjeve\/\" rel=\"nofollow\">Source<\/a><\/p>\n","protected":false},"excerpt":{"rendered":"<p>Kryeministri i Kosov\u00ebs, Albin Kurti ka th\u00ebn\u00eb se n\u00eb takim me liderin e PDK-s\u00eb, Memli Krasniqi jan\u00eb diskutuar \u00e7\u00ebshtje t\u00eb aktualitetit politik, me theks t\u00eb ve\u00e7ant\u00eb agjenda legjislative, raporton Ekonomia Online. Kurti ka th\u00ebn\u00eb se me kreun e PDK-s\u00eb kan\u00eb diskutuar edhe sa i p\u00ebrket ecjes s\u00eb Kosov\u00ebs n\u00eb integrimet nd\u00ebrkomb\u00ebtare, por edhe p\u00ebr mund\u00ebsin\u00eb [&hellip;]<\/p>\n","protected":false},"author":1,"featured_media":2715,"comment_status":"open","ping_status":"open","sticky":false,"template":"","format":"standard","meta":{"footnotes":""},"categories":[19],"tags":[],"class_list":["post-2714","post","type-post","status-publish","format-standard","has-post-thumbnail","hentry","category-eko"],"_links":{"self":[{"href":"https:\/\/radiogjilani.com\/index.php\/wp-json\/wp\/v2\/posts\/2714","targetHints":{"allow":["GET"]}}],"collection":[{"href":"https:\/\/radiogjilani.com\/index.php\/wp-json\/wp\/v2\/posts"}],"about":[{"href":"https:\/\/radiogjilani.com\/index.php\/wp-json\/wp\/v2\/types\/post"}],"author":[{"embeddable":true,"href":"https:\/\/radiogjilani.com\/index.php\/wp-json\/wp\/v2\/users\/1"}],"replies":[{"embeddable":true,"href":"https:\/\/radiogjilani.com\/index.php\/wp-json\/wp\/v2\/comments?post=2714"}],"version-history":[{"count":0,"href":"https:\/\/radiogjilani.com\/index.php\/wp-json\/wp\/v2\/posts\/2714\/revisions"}],"wp:featuredmedia":[{"embeddable":true,"href":"https:\/\/radiogjilani.com\/index.php\/wp-json\/wp\/v2\/media\/2715"}],"wp:attachment":[{"href":"https:\/\/radiogjilani.com\/index.php\/wp-json\/wp\/v2\/media?parent=2714"}],"wp:term":[{"taxonomy":"category","embeddable":true,"href":"https:\/\/radiogjilani.com\/index.php\/wp-json\/wp\/v2\/categories?post=2714"},{"taxonomy":"post_tag","embeddable":true,"href":"https:\/\/radiogjilani.com\/index.php\/wp-json\/wp\/v2\/tags?post=2714"}],"curies":[{"name":"wp","href":"https:\/\/api.w.org\/{rel}","templated":true}]}}