{"id":2728,"date":"2024-05-13T21:19:03","date_gmt":"2024-05-13T21:19:03","guid":{"rendered":"https:\/\/radiogjilani.com\/index.php\/2024\/05\/13\/kandidatja-e-partise-se-macron-thote-se-eshte-mashtruar-duke-bere-nje-foto-grupi-neo-naziste\/"},"modified":"2024-05-13T21:19:03","modified_gmt":"2024-05-13T21:19:03","slug":"kandidatja-e-partise-se-macron-thote-se-eshte-mashtruar-duke-bere-nje-foto-grupi-neo-naziste","status":"publish","type":"post","link":"https:\/\/radiogjilani.com\/index.php\/2024\/05\/13\/kandidatja-e-partise-se-macron-thote-se-eshte-mashtruar-duke-bere-nje-foto-grupi-neo-naziste\/","title":{"rendered":"Kandidatja e partis\u00eb s\u00eb Macron thot\u00eb se \u00ebsht\u00eb mashtruar duke b\u00ebr\u00eb nj\u00eb foto grupi \u2018neo-naziste\u2019"},"content":{"rendered":"<p>Kandidatja kryesore p\u00ebr partin\u00eb e presidentit francez, Emmanuel Macron, n\u00eb zgjedhjet e ardhshme evropiane, tha se ajo ishte mashtruar p\u00ebr t\u00eb b\u00ebr\u00eb nj\u00eb foto me an\u00ebtar\u00ebt e nj\u00eb \u201cgrupi neo-nazist\u201d.<\/p>\n<p>\u201cT\u00eb diel\u00ebn m\u00eb afruan burra q\u00eb m\u00eb k\u00ebrkuan nj\u00eb foto. N\u00eb parim, zakonisht nuk refuzoj dhe pranova si\u00e7 b\u00ebj \u00e7do her\u00eb,\u201d shkroi n\u00eb X, ish-Twitter, Valerie Hayer, kryetare e list\u00ebs s\u00eb partis\u00eb.<\/p>\n<p>N\u00eb m\u00ebnyr\u00eb t\u00eb dukshme, krahas nj\u00eb Hayer t\u00eb buz\u00ebqeshur n\u00eb foto \u00ebsht\u00eb nj\u00eb nga bluzat e meshkujve, logoja e s\u00eb cil\u00ebs n\u00eb brendin e jasht\u00ebm North Face lexon \u201cThe White Race\u201d.<\/p>\n<p>\u201cKy ishte nj\u00eb kurth i ngritur p\u00ebr mua nga aktivist\u00ebt e nj\u00eb grupi neo-nazist,\u201d tha Hayer.<\/p>\n<div class=\"ads square\">\n<p>    <a href=\"https:\/\/track.adform.net\/C\/?bn=73199340;C=0\" target=\"_blank\" rel=\"noopener\"><br \/>\n    <img loading=\"lazy\" decoding=\"async\" src=\"https:\/\/track.adform.net\/adfserve\/?bn=73199340;srctype=4;ord=%5Btimestamp%5D\" border=\"0\" width=\"300\" height=\"250\" alt=\"reklama iqos\"><br \/>\n    <\/a><\/p><\/div>\n<p>Ajo shtoi se burrat \u2014 fytyrat e t\u00eb cil\u00ebve ishin t\u00eb paqarta n\u00eb foton e shp\u00ebrndar\u00eb n\u00eb sh\u00ebrbimin e mesazheve Telegram \u2014 kishin p\u00ebrdorur \u201cmetoda t\u00eb turpshme t\u00eb s\u00eb djatht\u00ebs ekstreme, kund\u00ebr t\u00eb cilave un\u00eb luftoj me t\u00eb gjitha forcat\u201d.<\/p>\n<p>Hayer tha se ajo \u201cnuk kishte koh\u00eb t\u00eb vinte re parullat raciste n\u00eb veshjet e tyre\u201d.<\/p>\n<p>Takimi u zhvillua nj\u00eb dit\u00eb pas nj\u00eb tubimi t\u00eb ekstremit t\u00eb djatht\u00eb n\u00eb Paris, ku pjes\u00ebmarr\u00ebsit kishin p\u00ebrkujtuar vdekjen e nj\u00eb shoku t\u00eb tij n\u00eb 1994.<\/p>\n<p>Hayer u sulmua nga partia e majt\u00eb e ashp\u00ebr kund\u00ebr Macron, France Unbowed (LFI), lideri i s\u00eb cil\u00ebs Jean-Luc Melenchon tha se \u201casnj\u00eb person i arsyesh\u00ebm nuk do t\u00eb paraqitej p\u00ebrkrah autor\u00ebve t\u00eb till\u00eb t\u00eb dhun\u00ebs etnike\u201d.<\/p>\n<p>Lista e Macron-it \u00ebsht\u00eb n\u00eb nj\u00eb vend t\u00eb dyt\u00eb pas Tubimit Komb\u00ebtar t\u00eb ekstremit t\u00eb djatht\u00eb (RN) n\u00eb sondazhet m\u00eb pak se nj\u00eb muaj p\u00ebrpara zgjedhjeve t\u00eb Parlamentit Evropian.<\/p>\n<p>Incidenti \u00ebsht\u00eb goditja e fundit p\u00ebr Hayer, 38, pasi ajo u pa gjer\u00ebsisht nga analist\u00ebt si e dyta m\u00eb e mir\u00eb n\u00eb nj\u00eb debat televiziv kund\u00ebr kreut t\u00eb list\u00ebs s\u00eb RN-s\u00eb Jordan Bardella, 28 vje\u00e7, n\u00eb fillim t\u00eb k\u00ebtij muaji.<\/p>\n<p>Disa sondazhe kan\u00eb treguar gjithashtu se partia n\u00eb pushtet p\u00ebrballet me nj\u00eb gar\u00eb t\u00eb ngusht\u00eb edhe p\u00ebr vendin e dyt\u00eb kund\u00ebr aleanc\u00ebs socialiste t\u00eb udh\u00ebhequr nga ish-komentatori Raphael Glucksmann, i cili \u00ebsht\u00eb merita p\u00ebr drejtimin e nj\u00eb fushate dinamike.<\/p>\n<p>The post <a rel=\"nofollow\" href=\"https:\/\/albanianpost.com\/kandidatja-e-partise-se-macron-thote-se-eshte-mashtruar-duke-bere-nje-foto-grupi-neo-naziste\/\">Kandidatja e partis\u00eb s\u00eb Macron thot\u00eb se \u00ebsht\u00eb mashtruar duke b\u00ebr\u00eb nj\u00eb foto grupi \u2018neo-naziste\u2019<\/a> appeared first on <a rel=\"nofollow\" href=\"https:\/\/albanianpost.com\/\">Albanian Post<\/a>.<\/p>\n","protected":false},"excerpt":{"rendered":"<p>Kandidatja kryesore p\u00ebr partin\u00eb e presidentit francez, Emmanuel Macron, n\u00eb zgjedhjet e ardhshme evropiane, tha se ajo ishte mashtruar p\u00ebr t\u00eb b\u00ebr\u00eb nj\u00eb foto me an\u00ebtar\u00ebt e nj\u00eb \u201cgrupi neo-nazist\u201d. \u201cT\u00eb diel\u00ebn m\u00eb afruan burra q\u00eb m\u00eb k\u00ebrkuan nj\u00eb foto. N\u00eb parim, zakonisht nuk refuzoj dhe pranova si\u00e7 b\u00ebj \u00e7do her\u00eb,\u201d shkroi n\u00eb X, ish-Twitter, [&hellip;]<\/p>\n","protected":false},"author":1,"featured_media":2729,"comment_status":"open","ping_status":"open","sticky":false,"template":"","format":"standard","meta":{"footnotes":""},"categories":[1],"tags":[],"class_list":["post-2728","post","type-post","status-publish","format-standard","has-post-thumbnail","hentry","category-uncategorized"],"_links":{"self":[{"href":"https:\/\/radiogjilani.com\/index.php\/wp-json\/wp\/v2\/posts\/2728","targetHints":{"allow":["GET"]}}],"collection":[{"href":"https:\/\/radiogjilani.com\/index.php\/wp-json\/wp\/v2\/posts"}],"about":[{"href":"https:\/\/radiogjilani.com\/index.php\/wp-json\/wp\/v2\/types\/post"}],"author":[{"embeddable":true,"href":"https:\/\/radiogjilani.com\/index.php\/wp-json\/wp\/v2\/users\/1"}],"replies":[{"embeddable":true,"href":"https:\/\/radiogjilani.com\/index.php\/wp-json\/wp\/v2\/comments?post=2728"}],"version-history":[{"count":0,"href":"https:\/\/radiogjilani.com\/index.php\/wp-json\/wp\/v2\/posts\/2728\/revisions"}],"wp:featuredmedia":[{"embeddable":true,"href":"https:\/\/radiogjilani.com\/index.php\/wp-json\/wp\/v2\/media\/2729"}],"wp:attachment":[{"href":"https:\/\/radiogjilani.com\/index.php\/wp-json\/wp\/v2\/media?parent=2728"}],"wp:term":[{"taxonomy":"category","embeddable":true,"href":"https:\/\/radiogjilani.com\/index.php\/wp-json\/wp\/v2\/categories?post=2728"},{"taxonomy":"post_tag","embeddable":true,"href":"https:\/\/radiogjilani.com\/index.php\/wp-json\/wp\/v2\/tags?post=2728"}],"curies":[{"name":"wp","href":"https:\/\/api.w.org\/{rel}","templated":true}]}}