{"id":2736,"date":"2024-05-13T21:18:59","date_gmt":"2024-05-13T21:18:59","guid":{"rendered":"https:\/\/radiogjilani.com\/index.php\/2024\/05\/13\/izraeli-thellon-ofensiven-ne-rafah-dhe-rihyn-ne-zonat-veriore-te-gazes\/"},"modified":"2024-05-13T21:18:59","modified_gmt":"2024-05-13T21:18:59","slug":"izraeli-thellon-ofensiven-ne-rafah-dhe-rihyn-ne-zonat-veriore-te-gazes","status":"publish","type":"post","link":"https:\/\/radiogjilani.com\/index.php\/2024\/05\/13\/izraeli-thellon-ofensiven-ne-rafah-dhe-rihyn-ne-zonat-veriore-te-gazes\/","title":{"rendered":"Izraeli thellon ofensiv\u00ebn n\u00eb Rafah dhe rihyn n\u00eb zonat veriore t\u00eb Gaz\u00ebs"},"content":{"rendered":"<p>Trupat izraelite kan\u00eb vazhduar ofensiv\u00ebn e tyre n\u00eb t\u00eb gjith\u00eb Gaz\u00ebn, duke vendosur tanke, bombardime artilerie dhe sulme ajrore kund\u00ebr militant\u00ebve t\u00eb Hamasit n\u00eb raundin m\u00eb intensiv t\u00eb luftimeve p\u00ebr jav\u00eb t\u00eb t\u00ebra.<\/p>\n<p>N\u00eb jug t\u00eb larg\u00ebt t\u00eb territorit t\u00eb shkat\u00ebrruar t\u00eb h\u00ebn\u00ebn, d\u00ebshmitar\u00ebt raportuan sulme me helikopter\u00eb dhe beteja n\u00eb rrug\u00eb n\u00eb Rafah, nd\u00ebrsa Forcat Mbrojt\u00ebse t\u00eb Izraelit (IDF) konsoliduan kontrollin e tyre n\u00eb lagjet n\u00eb lindje t\u00eb rrug\u00ebs strategjike Salah al-Din, q\u00eb p\u00ebr\u00e7an\u00eb qytetin.<\/p>\n<p>N\u00eb veri, IDF p\u00ebrparoi n\u00eb Jabaliya dhe Beit Lahiya, t\u00eb dyja zona n\u00eb t\u00eb cilat u zhvilluan beteja t\u00eb ashpra n\u00eb fillim t\u00eb luft\u00ebs shtat\u00ebmujore.<\/p>\n<p>Zyrtar\u00ebt vler\u00ebsojn\u00eb se rreth 500 mij\u00eb njer\u00ebz jan\u00eb larguar nga Rafah q\u00eb kur u tha t\u00eb evakuoheshin nga IDF para sulmeve t\u00eb tyre t\u00eb para p\u00ebrreth dhe n\u00eb qytet nj\u00eb jav\u00eb m\u00eb par\u00eb.<\/p>\n<div class=\"ads square\">\n<p>    <a href=\"https:\/\/track.adform.net\/C\/?bn=73199340;C=0\" target=\"_blank\" rel=\"noopener\"><br \/>\n    <img loading=\"lazy\" decoding=\"async\" src=\"https:\/\/track.adform.net\/adfserve\/?bn=73199340;srctype=4;ord=%5Btimestamp%5D\" border=\"0\" width=\"300\" height=\"250\" alt=\"reklama iqos\"><br \/>\n    <\/a><\/p><\/div>\n<p>Rrug\u00ebt q\u00eb shkojn\u00eb n\u00eb veri dhe n\u00eb per\u00ebndim jan\u00eb mbytur me makina, kamion\u00eb, karroca t\u00eb ngarkuara me njer\u00ebz dhe pasurit\u00eb e tyre.<\/p>\n<p>Luftimet kan\u00eb detyruar shum\u00eb organizata t\u00eb m\u00ebdha ndihmash t\u00eb mbyllin ose reduktojn\u00eb operacionet e tyre n\u00eb t\u00eb gjith\u00eb Gaz\u00ebn, mes munges\u00ebs gjithnj\u00eb e m\u00eb akute t\u00eb karburantit, ushqimit dhe ujit t\u00eb past\u00ebr.<\/p>\n<p>Rreziqet p\u00ebr punonj\u00ebsit e ndihm\u00ebs n\u00eb Gaza u b\u00ebn\u00eb p\u00ebrs\u00ebri t\u00eb qarta kur nj\u00eb automjet i OKB-s\u00eb u godit gjat\u00eb rrug\u00ebs p\u00ebr n\u00eb nj\u00eb spital n\u00eb Gaza.<\/p>\n<p>Duke marr\u00eb pjes\u00eb n\u00eb nj\u00eb ceremoni n\u00eb Jerusalem t\u00eb h\u00ebn\u00ebn p\u00ebr t\u00eb sh\u00ebnuar ushtar\u00ebt e r\u00ebn\u00eb t\u00eb Izraelit, Benjamin Netanyahu, kryeministri izraelit, tha se lufta kund\u00ebr Hamasit ishte nj\u00eb luft\u00eb ekzistenciale.<\/p>\n<p>\u201cJemi ne ose ata \u2013 Izraeli ose p\u00ebrbind\u00ebshat e Hamasit. \u00cbsht\u00eb ekzistenc\u00eb, liri, siguri dhe prosperitet, ose asgj\u00ebsim, masak\u00ebr, p\u00ebrdhunim dhe skllav\u00ebrim. Ne jemi t\u00eb vendosur ta fitojm\u00eb k\u00ebt\u00eb luft\u00eb. Ne po k\u00ebrkojm\u00eb dhe do t\u00eb vazhdojm\u00eb t\u00eb k\u00ebrkojm\u00eb nj\u00eb \u00e7mim t\u00eb r\u00ebnd\u00eb nga armiku p\u00ebr veprimet e tyre kriminale\u201d, tha Netanyahu.<\/p>\n<p>Izraeli e ka p\u00ebrshkruar kthimin e tij t\u00eb fundit n\u00eb veri, nga ku t\u00ebrhoqi shumic\u00ebn e trupave t\u00eb tij pes\u00eb muaj m\u00eb par\u00eb, si pjes\u00eb e nj\u00eb faze t\u00eb \u201cpastrimit\u201d t\u00eb luft\u00ebs p\u00ebr t\u00eb parandaluar kthimin e luft\u00ebtar\u00ebve dhe tha se operacione t\u00eb tilla kan\u00eb qen\u00eb gjithmon\u00eb pjes\u00eb t\u00eb planit t\u00eb saj.<\/p>\n<p>Por analist\u00ebt than\u00eb se p\u00ebrleshjet e reja n\u00ebnvizuan d\u00ebshtimin e IDF p\u00ebr t\u00eb siguruar pjes\u00ebn m\u00eb t\u00eb madhe t\u00eb Gaz\u00ebs, pas nj\u00eb fushate q\u00eb ka sjell\u00eb shkat\u00ebrrime masive, zhvendosjen e rreth 2 milion\u00eb njer\u00ebzve dhe vdekjen e m\u00eb shum\u00eb se 35 mij\u00eb sipas zyrtar\u00ebve palestinez\u00eb.<\/p>\n<p>Lufta filloi kur Hamasi sulmoi Izraelin jugor m\u00eb 7 tetor t\u00eb vitit t\u00eb kaluar, duke vrar\u00eb rreth 1200 njer\u00ebz, kryesisht civil\u00eb, dhe duke marr\u00eb peng 250 t\u00eb tjer\u00eb. Ata mbajn\u00eb ende rreth 100 rob\u00ebr dhe eshtrat e m\u00eb shum\u00eb se 30. Bisedimet e nd\u00ebrmjet\u00ebsuara nd\u00ebrkomb\u00ebtarisht p\u00ebr t\u00eb rregulluar nj\u00eb arm\u00ebpushim dhe lirimin e pengjeve duket se jan\u00eb n\u00eb bllokim.<\/p>\n<p>N\u00eb Jabaliya, banor\u00ebt u larguan nga sht\u00ebpit\u00eb e tyre duke mbajtur \u00e7anta me sende n\u00ebp\u00ebr rrug\u00ebt e shp\u00ebrndara nga mbeturinat. Predhat e tankeve po zbarkonin n\u00eb qend\u00ebr t\u00eb kampit t\u00eb refugjat\u00ebve atje dhe sulmet ajrore kishin shkat\u00ebrruar sht\u00ebpi, than\u00eb ata.<\/p>\n<p>Netanyahu ka th\u00ebn\u00eb se Rafah \u00ebsht\u00eb bastioni i fundit i Hamasit dhe se Izraeli mund t\u00eb arrij\u00eb q\u00ebllimet e tij t\u00eb luft\u00ebs \u2013 t\u00eb p\u00ebrcaktuara si shkat\u00ebrrimi i organizat\u00ebs militante islamike \u2013 duke vrar\u00eb militant\u00ebt dhe udh\u00ebheq\u00ebsit n\u00eb qytet, duke siguruar q\u00eb Izraeli t\u00eb mos ket\u00eb m\u00eb k\u00ebrc\u00ebnim nga Gaza dhe t\u00eb kthehen pengjet.<\/p>\n<p><em>Marr\u00eb nga The Guardian, p\u00ebrshtatur p\u00ebr Albanian Post<\/em><\/p>\n<p>The post <a rel=\"nofollow\" href=\"https:\/\/albanianpost.com\/izraeli-thellon-ofensiven-ne-rafah-dhe-rihyn-ne-zonat-veriore-te-gazes\/\">Izraeli thellon ofensiv\u00ebn n\u00eb Rafah dhe rihyn n\u00eb zonat veriore t\u00eb Gaz\u00ebs<\/a> appeared first on <a rel=\"nofollow\" href=\"https:\/\/albanianpost.com\/\">Albanian Post<\/a>.<\/p>\n","protected":false},"excerpt":{"rendered":"<p>Trupat izraelite kan\u00eb vazhduar ofensiv\u00ebn e tyre n\u00eb t\u00eb gjith\u00eb Gaz\u00ebn, duke vendosur tanke, bombardime artilerie dhe sulme ajrore kund\u00ebr militant\u00ebve t\u00eb Hamasit n\u00eb raundin m\u00eb intensiv t\u00eb luftimeve p\u00ebr jav\u00eb t\u00eb t\u00ebra. N\u00eb jug t\u00eb larg\u00ebt t\u00eb territorit t\u00eb shkat\u00ebrruar t\u00eb h\u00ebn\u00ebn, d\u00ebshmitar\u00ebt raportuan sulme me helikopter\u00eb dhe beteja n\u00eb rrug\u00eb n\u00eb Rafah, nd\u00ebrsa [&hellip;]<\/p>\n","protected":false},"author":1,"featured_media":2737,"comment_status":"open","ping_status":"open","sticky":false,"template":"","format":"standard","meta":{"footnotes":""},"categories":[1],"tags":[],"class_list":["post-2736","post","type-post","status-publish","format-standard","has-post-thumbnail","hentry","category-uncategorized"],"_links":{"self":[{"href":"https:\/\/radiogjilani.com\/index.php\/wp-json\/wp\/v2\/posts\/2736","targetHints":{"allow":["GET"]}}],"collection":[{"href":"https:\/\/radiogjilani.com\/index.php\/wp-json\/wp\/v2\/posts"}],"about":[{"href":"https:\/\/radiogjilani.com\/index.php\/wp-json\/wp\/v2\/types\/post"}],"author":[{"embeddable":true,"href":"https:\/\/radiogjilani.com\/index.php\/wp-json\/wp\/v2\/users\/1"}],"replies":[{"embeddable":true,"href":"https:\/\/radiogjilani.com\/index.php\/wp-json\/wp\/v2\/comments?post=2736"}],"version-history":[{"count":0,"href":"https:\/\/radiogjilani.com\/index.php\/wp-json\/wp\/v2\/posts\/2736\/revisions"}],"wp:featuredmedia":[{"embeddable":true,"href":"https:\/\/radiogjilani.com\/index.php\/wp-json\/wp\/v2\/media\/2737"}],"wp:attachment":[{"href":"https:\/\/radiogjilani.com\/index.php\/wp-json\/wp\/v2\/media?parent=2736"}],"wp:term":[{"taxonomy":"category","embeddable":true,"href":"https:\/\/radiogjilani.com\/index.php\/wp-json\/wp\/v2\/categories?post=2736"},{"taxonomy":"post_tag","embeddable":true,"href":"https:\/\/radiogjilani.com\/index.php\/wp-json\/wp\/v2\/tags?post=2736"}],"curies":[{"name":"wp","href":"https:\/\/api.w.org\/{rel}","templated":true}]}}