{"id":2760,"date":"2024-05-14T21:20:07","date_gmt":"2024-05-14T21:20:07","guid":{"rendered":"https:\/\/radiogjilani.com\/index.php\/2024\/05\/14\/haradinaj-takon-ramiz-kelmendin-ekonomia-e-kosoves-ka-nevoje-per-nje-model-te-ri-te-qeverisjes\/"},"modified":"2024-05-14T21:20:07","modified_gmt":"2024-05-14T21:20:07","slug":"haradinaj-takon-ramiz-kelmendin-ekonomia-e-kosoves-ka-nevoje-per-nje-model-te-ri-te-qeverisjes","status":"publish","type":"post","link":"https:\/\/radiogjilani.com\/index.php\/2024\/05\/14\/haradinaj-takon-ramiz-kelmendin-ekonomia-e-kosoves-ka-nevoje-per-nje-model-te-ri-te-qeverisjes\/","title":{"rendered":"Haradinaj takon Ramiz Kelmendin: Ekonomia e Kosov\u00ebs ka nevoj\u00eb p\u00ebr nj\u00eb model t\u00eb ri t\u00eb qeverisjes"},"content":{"rendered":"<p>Kryetari i Aleanc\u00ebs p\u00ebr Ardhm\u00ebrin\u00eb e Kosov\u00ebs (AAK), Ramush Haradinaj, ka takuar nj\u00ebrin nga biznesmen\u00ebt m\u00eb t\u00eb suksessh\u00ebm n\u00eb Kosov\u00eb, Ramiz Kelmendin e kompanis\u00eb \u201cElkos\u201d. Haradinaj ka th\u00ebn\u00eb se AAK q\u00ebndron fuqish\u00ebm krah sektorit privat sepse i shohim si kontributdh\u00ebn\u00ebsit m\u00eb t\u00eb m\u00ebdhenj n\u00eb rritjen ekonomike. \u201cSfidat q\u00eb ka Kosova n\u00eb sfer\u00ebn e zhvillimit ekonomik, ishin tem\u00eb kryesore e bashk\u00ebbisedimit n\u00eb&#8230;<\/p>\n<p><a href=\"https:\/\/ekonomiaonline.com\/haradinaj-takon-ramiz-kelmendin-ekonomia-e-kosoves-ka-nevoje-per-nje-model-te-ri-te-qeverisjes\/\" rel=\"nofollow\">Source<\/a><\/p>\n","protected":false},"excerpt":{"rendered":"<p>Kryetari i Aleanc\u00ebs p\u00ebr Ardhm\u00ebrin\u00eb e Kosov\u00ebs (AAK), Ramush Haradinaj, ka takuar nj\u00ebrin nga biznesmen\u00ebt m\u00eb t\u00eb suksessh\u00ebm n\u00eb Kosov\u00eb, Ramiz Kelmendin e kompanis\u00eb \u201cElkos\u201d. Haradinaj ka th\u00ebn\u00eb se AAK q\u00ebndron fuqish\u00ebm krah sektorit privat sepse i shohim si kontributdh\u00ebn\u00ebsit m\u00eb t\u00eb m\u00ebdhenj n\u00eb rritjen ekonomike. \u201cSfidat q\u00eb ka Kosova n\u00eb sfer\u00ebn e zhvillimit ekonomik, [&hellip;]<\/p>\n","protected":false},"author":1,"featured_media":2761,"comment_status":"open","ping_status":"open","sticky":false,"template":"","format":"standard","meta":{"footnotes":""},"categories":[19],"tags":[],"class_list":["post-2760","post","type-post","status-publish","format-standard","has-post-thumbnail","hentry","category-eko"],"_links":{"self":[{"href":"https:\/\/radiogjilani.com\/index.php\/wp-json\/wp\/v2\/posts\/2760","targetHints":{"allow":["GET"]}}],"collection":[{"href":"https:\/\/radiogjilani.com\/index.php\/wp-json\/wp\/v2\/posts"}],"about":[{"href":"https:\/\/radiogjilani.com\/index.php\/wp-json\/wp\/v2\/types\/post"}],"author":[{"embeddable":true,"href":"https:\/\/radiogjilani.com\/index.php\/wp-json\/wp\/v2\/users\/1"}],"replies":[{"embeddable":true,"href":"https:\/\/radiogjilani.com\/index.php\/wp-json\/wp\/v2\/comments?post=2760"}],"version-history":[{"count":0,"href":"https:\/\/radiogjilani.com\/index.php\/wp-json\/wp\/v2\/posts\/2760\/revisions"}],"wp:featuredmedia":[{"embeddable":true,"href":"https:\/\/radiogjilani.com\/index.php\/wp-json\/wp\/v2\/media\/2761"}],"wp:attachment":[{"href":"https:\/\/radiogjilani.com\/index.php\/wp-json\/wp\/v2\/media?parent=2760"}],"wp:term":[{"taxonomy":"category","embeddable":true,"href":"https:\/\/radiogjilani.com\/index.php\/wp-json\/wp\/v2\/categories?post=2760"},{"taxonomy":"post_tag","embeddable":true,"href":"https:\/\/radiogjilani.com\/index.php\/wp-json\/wp\/v2\/tags?post=2760"}],"curies":[{"name":"wp","href":"https:\/\/api.w.org\/{rel}","templated":true}]}}