{"id":2772,"date":"2024-05-14T21:21:02","date_gmt":"2024-05-14T21:21:02","guid":{"rendered":"https:\/\/radiogjilani.com\/index.php\/2024\/05\/14\/muhaxheri-svecla-eshte-ne-koordinim-me-serbine-per-sa-i-perket-konfiskimit-te-armatimit-ne-veri\/"},"modified":"2024-05-14T21:21:02","modified_gmt":"2024-05-14T21:21:02","slug":"muhaxheri-svecla-eshte-ne-koordinim-me-serbine-per-sa-i-perket-konfiskimit-te-armatimit-ne-veri","status":"publish","type":"post","link":"https:\/\/radiogjilani.com\/index.php\/2024\/05\/14\/muhaxheri-svecla-eshte-ne-koordinim-me-serbine-per-sa-i-perket-konfiskimit-te-armatimit-ne-veri\/","title":{"rendered":"Muhaxheri: Sve\u00e7la \u00ebsht\u00eb n\u00eb koordinim me Serbin\u00eb p\u00ebr sa i p\u00ebrket konfiskimit t\u00eb armatimit n\u00eb Veri \u00a0"},"content":{"rendered":"<p>N\u00ebnkryetari i Lidhjes Demokratike t\u00eb Kosov\u00ebs nj\u00ebherit kryetari i Komun\u00ebs s\u00eb Pej\u00ebs, Gazmend Muhaxheri, ka pretenduar se ministri i Pun\u00ebve t\u00eb Brendshme t\u00eb Kosov\u00ebs, Xhelal Sve\u00e7la, \u00ebsht\u00eb n\u00eb koordinim me ministrin e Pun\u00ebve t\u00eb Brendshme t\u00eb Serbis\u00eb, kur n\u00eb pyetje \u00ebsht\u00eb konfiskimi i shpesht\u00eb i arsenal\u00ebve t\u00eb armatimit n\u00eb Veri t\u00eb Kosov\u00ebs.<\/p>\n<p>\u201cPrej Banj\u00ebs a e dini sa armatimi \u00ebsht\u00eb konfiskuar, \u00e7do dyt\u00ebn ose t\u00eb tret\u00ebn jav\u00eb del Sve\u00e7la dhe thot\u00eb se u konfiskua ky armatim, ai armatim, a e kan\u00eb z\u00ebn\u00eb nj\u00eb person n\u00eb Veri q\u00eb e ka pasur at\u00eb armatim, a e ka burgosur vet\u00ebm nj\u00eb njeri me at\u00eb armatim\u201d, ka potencuar fillimisht ai n\u00eb nj\u00eb intervist\u00eb p\u00ebr<a href=\"https:\/\/www.youtube.com\/watch?v=nIhqE0KVxSI\"> Klan Kosova.<\/a><\/p>\n<p>\u201cA duhet ta lodhim pak mendjen edhe me m\u00ebndu se ky qenka duke u koordinuar me ministrin e Pun\u00ebve t\u00eb Brendshme t\u00eb Serbis\u00eb\u201d, ka shtuar ai duke potencuar se \u201ckonfiskohet armatimi, asnj\u00eb njeri nuk arrestohet. Duhet t\u00eb b\u00ebhet pyetja kush e ka sjell\u00eb at\u00eb armatim, kush e ka konfiskuar at\u00eb armatim, kujt i duhet ajo politik\u00eb\u201d.<\/p>\n<p>Ministri i Pun\u00ebve t\u00eb Brendshme t\u00eb Kosov\u00ebs, Xhelal Sve\u00e7la dhe Drejtori i Policis\u00eb s\u00eb Kosov\u00ebs, Gazmend Hoxha, n\u00eb nj\u00eb konferenc\u00eb p\u00ebr media t\u00eb mart\u00ebn n\u00eb mbr\u00ebmje, kan\u00eb njoftuar se jan\u00eb konfiskuar nj\u00eb sasi e konsiderueshme e armatimit n\u00eb pjes\u00ebn veriore t\u00eb Kosov\u00ebs, q\u00eb dyshohet se kan\u00eb mbetur aty pas sulmit terrorist t\u00eb 24 shtatorit t\u00eb vitit t\u00eb kaluar n\u00eb Banj\u00eb t\u00eb Zve\u00e7anit.<\/p>\n<div class=\"ads square\">\n<p>    <a href=\"https:\/\/track.adform.net\/C\/?bn=73199340;C=0\" target=\"_blank\" rel=\"noopener\"><br \/>\n    <img loading=\"lazy\" decoding=\"async\" src=\"https:\/\/track.adform.net\/adfserve\/?bn=73199340;srctype=4;ord=%5Btimestamp%5D\" border=\"0\" width=\"300\" height=\"250\" alt=\"reklama iqos\"><br \/>\n    <\/a><\/p><\/div>\n<p>Hoxha, gjat\u00eb fjalimit n\u00eb nj\u00eb konferenc\u00eb t\u00eb jasht\u00ebzakonshme ka potencuar se lidhur me k\u00ebt\u00eb armatim Policia e Kosov\u00ebs ka siguruar informacione nga qytetar\u00ebt dhe Agjencia e Kosov\u00ebs p\u00ebr Inteligjenc\u00eb (AKI).<\/p>\n<p>Sipas tij bastisjet jan\u00eb kryer n\u00eb rrethin\u00ebn e Komun\u00ebs s\u00eb Zve\u00e7anit, konkretisht te pjesa e Rudar\u00ebs.<\/p>\n<p>Hoxha nd\u00ebr t\u00eb tjera ka potencuar se n\u00eb mesin e pajisjeve t\u00eb konfiskuara jan\u00eb rreth 1 mij\u00eb e 500 municione, 10 arm\u00eb t\u00eb gjata, 62 shok-bomba, eksploziv\u00eb, radio-lidhje, karikator\u00eb t\u00eb mbushur e t\u00eb zbraz\u00ebt, dhe nj\u00eb uniform\u00eb e ushtris\u00eb serbe.<\/p>\n<p>Lidhur me k\u00ebt\u00eb rast, Hoxha, ka th\u00ebn\u00eb se tashm\u00eb \u00ebsht\u00eb ndaluar p\u00ebr intervistim nj\u00eb person i cili ka qen\u00eb ish-zyrtar i Policis\u00eb s\u00eb Kosov\u00ebs, pasi dyshohet se \u00ebsht\u00eb i lidhur me arm\u00ebt, t\u00eb cilat jan\u00eb gjetur n\u00eb af\u00ebrsi t\u00eb sht\u00ebpis\u00eb s\u00eb tij.<\/p>\n<blockquote class=\"wp-embedded-content\" data-secret=\"KBJU6OPq9l\">\n<p><a href=\"https:\/\/albanianpost.com\/policia-konfiskon-arme-ne-veri-i-dyshuar-eshte-nje-ish-zyrtar-policor\/\">Policia konfiskon arm\u00eb n\u00eb Veri, i dyshuar \u00ebsht\u00eb nj\u00eb ish-zyrtar policor<\/a><\/p>\n<\/blockquote>\n<p>The post <a rel=\"nofollow\" href=\"https:\/\/albanianpost.com\/muhaxheri-svecla-eshte-ne-koordinim-me-serbine-per-sa-i-perket-konfiskimit-te-armatimit-ne-veri\/\">Muhaxheri: Sve\u00e7la \u00ebsht\u00eb n\u00eb koordinim me Serbin\u00eb p\u00ebr sa i p\u00ebrket konfiskimit t\u00eb armatimit n\u00eb Veri \u00a0<\/a> appeared first on <a rel=\"nofollow\" href=\"https:\/\/albanianpost.com\/\">Albanian Post<\/a>.<\/p>\n","protected":false},"excerpt":{"rendered":"<p>N\u00ebnkryetari i Lidhjes Demokratike t\u00eb Kosov\u00ebs nj\u00ebherit kryetari i Komun\u00ebs s\u00eb Pej\u00ebs, Gazmend Muhaxheri, ka pretenduar se ministri i Pun\u00ebve t\u00eb Brendshme t\u00eb Kosov\u00ebs, Xhelal Sve\u00e7la, \u00ebsht\u00eb n\u00eb koordinim me ministrin e Pun\u00ebve t\u00eb Brendshme t\u00eb Serbis\u00eb, kur n\u00eb pyetje \u00ebsht\u00eb konfiskimi i shpesht\u00eb i arsenal\u00ebve t\u00eb armatimit n\u00eb Veri t\u00eb Kosov\u00ebs. \u201cPrej Banj\u00ebs a [&hellip;]<\/p>\n","protected":false},"author":1,"featured_media":2773,"comment_status":"open","ping_status":"open","sticky":false,"template":"","format":"standard","meta":{"footnotes":""},"categories":[1],"tags":[],"class_list":["post-2772","post","type-post","status-publish","format-standard","has-post-thumbnail","hentry","category-uncategorized"],"_links":{"self":[{"href":"https:\/\/radiogjilani.com\/index.php\/wp-json\/wp\/v2\/posts\/2772","targetHints":{"allow":["GET"]}}],"collection":[{"href":"https:\/\/radiogjilani.com\/index.php\/wp-json\/wp\/v2\/posts"}],"about":[{"href":"https:\/\/radiogjilani.com\/index.php\/wp-json\/wp\/v2\/types\/post"}],"author":[{"embeddable":true,"href":"https:\/\/radiogjilani.com\/index.php\/wp-json\/wp\/v2\/users\/1"}],"replies":[{"embeddable":true,"href":"https:\/\/radiogjilani.com\/index.php\/wp-json\/wp\/v2\/comments?post=2772"}],"version-history":[{"count":0,"href":"https:\/\/radiogjilani.com\/index.php\/wp-json\/wp\/v2\/posts\/2772\/revisions"}],"wp:featuredmedia":[{"embeddable":true,"href":"https:\/\/radiogjilani.com\/index.php\/wp-json\/wp\/v2\/media\/2773"}],"wp:attachment":[{"href":"https:\/\/radiogjilani.com\/index.php\/wp-json\/wp\/v2\/media?parent=2772"}],"wp:term":[{"taxonomy":"category","embeddable":true,"href":"https:\/\/radiogjilani.com\/index.php\/wp-json\/wp\/v2\/categories?post=2772"},{"taxonomy":"post_tag","embeddable":true,"href":"https:\/\/radiogjilani.com\/index.php\/wp-json\/wp\/v2\/tags?post=2772"}],"curies":[{"name":"wp","href":"https:\/\/api.w.org\/{rel}","templated":true}]}}