{"id":2778,"date":"2024-05-14T21:20:59","date_gmt":"2024-05-14T21:20:59","guid":{"rendered":"https:\/\/radiogjilani.com\/index.php\/2024\/05\/14\/hasani-pret-tomlinson-dialog-i-mire-politik-me-mbreterine-e-bashkuar\/"},"modified":"2024-05-14T21:20:59","modified_gmt":"2024-05-14T21:20:59","slug":"hasani-pret-tomlinson-dialog-i-mire-politik-me-mbreterine-e-bashkuar","status":"publish","type":"post","link":"https:\/\/radiogjilani.com\/index.php\/2024\/05\/14\/hasani-pret-tomlinson-dialog-i-mire-politik-me-mbreterine-e-bashkuar\/","title":{"rendered":"Hasani pret Tomlinson: Dialog i mir\u00eb politik me Mbret\u00ebrin\u00eb e Bashkuar"},"content":{"rendered":"<p>Ministri p\u00ebr Evrop\u00ebn dhe Pun\u00ebt e Jashtme, Igli Hasani priti sot ministrin e Shtetit kund\u00ebr Emigrimit t\u00eb Paligjsh\u00ebm t\u00eb Mbret\u00ebris\u00eb s\u00eb Bashkuar, Michael Tomlinson.<\/p>\n<p>Hasani theksoi n\u00eb rrjetet sociale se me ministrin Tomlinson diskutoi lidhjet e forta dypal\u00ebshe dhe dialogun mjaft t\u00eb mir\u00eb politik mes dy vendeve, me fokus n\u00eb strategjit\u00eb p\u00ebr t\u00eb rritur p\u00ebrpjekjet e p\u00ebrbashk\u00ebta n\u00eb trajtimin e migracionit t\u00eb paligjsh\u00ebm dhe krimit t\u00eb organizuar.<\/p>\n<p>\u201cKuadri ligjor dypal\u00ebsh n\u00eb mb\u00ebshtetje t\u00eb bashk\u00ebpunimit mes Shqip\u00ebris\u00eb dhe Mbret\u00ebris\u00eb s\u00eb Bashkuar ka rol vendimtar n\u00eb adresimin efektiv t\u00eb k\u00ebtyre sfidave\u201d, u shpreh Hasani.<\/p>\n<p>Tomlinson ishte sot n\u00eb Tiran\u00eb si pjes\u00eb e Konferenc\u00ebs Nd\u00ebrministeriale t\u00eb vendeve t\u00eb Ballkanit Per\u00ebndimor \u201cBashk\u00ebpunimi p\u00ebr Sigurin\u00eb dhe Flukset Migratore p\u00ebrmes Ballkanit Per\u00ebndimor\u201d.<\/p>\n<div class=\"ads square\">\n<p>    <a href=\"https:\/\/track.adform.net\/C\/?bn=73199340;C=0\" target=\"_blank\" rel=\"noopener\"><br \/>\n    <img loading=\"lazy\" decoding=\"async\" src=\"https:\/\/track.adform.net\/adfserve\/?bn=73199340;srctype=4;ord=%5Btimestamp%5D\" border=\"0\" width=\"300\" height=\"250\" alt=\"reklama iqos\"><br \/>\n    <\/a><\/p><\/div>\n<p>The post <a rel=\"nofollow\" href=\"https:\/\/albanianpost.com\/hasani-pret-tomlinson-dialog-i-mire-politik-me-mbreterine-e-bashkuar\/\">Hasani pret Tomlinson: Dialog i mir\u00eb politik me Mbret\u00ebrin\u00eb e Bashkuar<\/a> appeared first on <a rel=\"nofollow\" href=\"https:\/\/albanianpost.com\/\">Albanian Post<\/a>.<\/p>\n","protected":false},"excerpt":{"rendered":"<p>Ministri p\u00ebr Evrop\u00ebn dhe Pun\u00ebt e Jashtme, Igli Hasani priti sot ministrin e Shtetit kund\u00ebr Emigrimit t\u00eb Paligjsh\u00ebm t\u00eb Mbret\u00ebris\u00eb s\u00eb Bashkuar, Michael Tomlinson. Hasani theksoi n\u00eb rrjetet sociale se me ministrin Tomlinson diskutoi lidhjet e forta dypal\u00ebshe dhe dialogun mjaft t\u00eb mir\u00eb politik mes dy vendeve, me fokus n\u00eb strategjit\u00eb p\u00ebr t\u00eb rritur p\u00ebrpjekjet [&hellip;]<\/p>\n","protected":false},"author":1,"featured_media":2779,"comment_status":"open","ping_status":"open","sticky":false,"template":"","format":"standard","meta":{"footnotes":""},"categories":[1],"tags":[],"class_list":["post-2778","post","type-post","status-publish","format-standard","has-post-thumbnail","hentry","category-uncategorized"],"_links":{"self":[{"href":"https:\/\/radiogjilani.com\/index.php\/wp-json\/wp\/v2\/posts\/2778","targetHints":{"allow":["GET"]}}],"collection":[{"href":"https:\/\/radiogjilani.com\/index.php\/wp-json\/wp\/v2\/posts"}],"about":[{"href":"https:\/\/radiogjilani.com\/index.php\/wp-json\/wp\/v2\/types\/post"}],"author":[{"embeddable":true,"href":"https:\/\/radiogjilani.com\/index.php\/wp-json\/wp\/v2\/users\/1"}],"replies":[{"embeddable":true,"href":"https:\/\/radiogjilani.com\/index.php\/wp-json\/wp\/v2\/comments?post=2778"}],"version-history":[{"count":0,"href":"https:\/\/radiogjilani.com\/index.php\/wp-json\/wp\/v2\/posts\/2778\/revisions"}],"wp:featuredmedia":[{"embeddable":true,"href":"https:\/\/radiogjilani.com\/index.php\/wp-json\/wp\/v2\/media\/2779"}],"wp:attachment":[{"href":"https:\/\/radiogjilani.com\/index.php\/wp-json\/wp\/v2\/media?parent=2778"}],"wp:term":[{"taxonomy":"category","embeddable":true,"href":"https:\/\/radiogjilani.com\/index.php\/wp-json\/wp\/v2\/categories?post=2778"},{"taxonomy":"post_tag","embeddable":true,"href":"https:\/\/radiogjilani.com\/index.php\/wp-json\/wp\/v2\/tags?post=2778"}],"curies":[{"name":"wp","href":"https:\/\/api.w.org\/{rel}","templated":true}]}}