{"id":2794,"date":"2024-05-15T21:34:15","date_gmt":"2024-05-15T21:34:15","guid":{"rendered":"https:\/\/radiogjilani.com\/index.php\/2024\/05\/15\/haziri-per-shperndarjen-e-kuvendit-do-te-votoje-edhe-ldk-ja\/"},"modified":"2024-05-15T21:34:15","modified_gmt":"2024-05-15T21:34:15","slug":"haziri-per-shperndarjen-e-kuvendit-do-te-votoje-edhe-ldk-ja","status":"publish","type":"post","link":"https:\/\/radiogjilani.com\/index.php\/2024\/05\/15\/haziri-per-shperndarjen-e-kuvendit-do-te-votoje-edhe-ldk-ja\/","title":{"rendered":"Haziri: P\u00ebr shp\u00ebrndarjen e Kuvendit, do t\u00eb votoj\u00eb edhe LDK-ja"},"content":{"rendered":"<p>Dit\u00ebve t\u00eb fundit jan\u00eb shtuar z\u00ebrat p\u00ebr shkuarje n\u00eb zgjedhje t\u00eb parakohshme parlamentare. Vet\u00ebvendosje dhe PDK tashm\u00eb jan\u00eb pajtuar p\u00ebr shkuarjen n\u00eb zgjedhje t\u00eb parakohshme. Nga ana tjet\u00ebr, LDK po insiston n\u00eb dor\u00ebheqjen e qeveris\u00eb Kurti dhe shkuarjen n\u00eb zgjedhje t\u00eb jasht\u00ebzakonshme, raporton gazeta10. N\u00ebnkryetari i LDK-s\u00eb, Lutfi Haziri n\u00eb emisionin \u201cPolitiko\u2019 ka th\u00ebn\u00eb se p\u00ebr shp\u00ebrb\u00ebrje t\u00eb Kuvendit&#8230;<\/p>\n<p><a href=\"https:\/\/ekonomiaonline.com\/haziri-per-shperndarjen-e-kuvendit-do-te-votoje-edhe-ldk-ja\/\" rel=\"nofollow\">Source<\/a><\/p>\n","protected":false},"excerpt":{"rendered":"<p>Dit\u00ebve t\u00eb fundit jan\u00eb shtuar z\u00ebrat p\u00ebr shkuarje n\u00eb zgjedhje t\u00eb parakohshme parlamentare. Vet\u00ebvendosje dhe PDK tashm\u00eb jan\u00eb pajtuar p\u00ebr shkuarjen n\u00eb zgjedhje t\u00eb parakohshme. Nga ana tjet\u00ebr, LDK po insiston n\u00eb dor\u00ebheqjen e qeveris\u00eb Kurti dhe shkuarjen n\u00eb zgjedhje t\u00eb jasht\u00ebzakonshme, raporton gazeta10. N\u00ebnkryetari i LDK-s\u00eb, Lutfi Haziri n\u00eb emisionin \u201cPolitiko\u2019 ka th\u00ebn\u00eb se [&hellip;]<\/p>\n","protected":false},"author":1,"featured_media":2795,"comment_status":"open","ping_status":"open","sticky":false,"template":"","format":"standard","meta":{"footnotes":""},"categories":[19],"tags":[],"class_list":["post-2794","post","type-post","status-publish","format-standard","has-post-thumbnail","hentry","category-eko"],"_links":{"self":[{"href":"https:\/\/radiogjilani.com\/index.php\/wp-json\/wp\/v2\/posts\/2794","targetHints":{"allow":["GET"]}}],"collection":[{"href":"https:\/\/radiogjilani.com\/index.php\/wp-json\/wp\/v2\/posts"}],"about":[{"href":"https:\/\/radiogjilani.com\/index.php\/wp-json\/wp\/v2\/types\/post"}],"author":[{"embeddable":true,"href":"https:\/\/radiogjilani.com\/index.php\/wp-json\/wp\/v2\/users\/1"}],"replies":[{"embeddable":true,"href":"https:\/\/radiogjilani.com\/index.php\/wp-json\/wp\/v2\/comments?post=2794"}],"version-history":[{"count":0,"href":"https:\/\/radiogjilani.com\/index.php\/wp-json\/wp\/v2\/posts\/2794\/revisions"}],"wp:featuredmedia":[{"embeddable":true,"href":"https:\/\/radiogjilani.com\/index.php\/wp-json\/wp\/v2\/media\/2795"}],"wp:attachment":[{"href":"https:\/\/radiogjilani.com\/index.php\/wp-json\/wp\/v2\/media?parent=2794"}],"wp:term":[{"taxonomy":"category","embeddable":true,"href":"https:\/\/radiogjilani.com\/index.php\/wp-json\/wp\/v2\/categories?post=2794"},{"taxonomy":"post_tag","embeddable":true,"href":"https:\/\/radiogjilani.com\/index.php\/wp-json\/wp\/v2\/tags?post=2794"}],"curies":[{"name":"wp","href":"https:\/\/api.w.org\/{rel}","templated":true}]}}