{"id":2802,"date":"2024-05-15T21:34:11","date_gmt":"2024-05-15T21:34:11","guid":{"rendered":"https:\/\/radiogjilani.com\/index.php\/2024\/05\/15\/krasniqi-ne-takimin-me-kurtin-nuk-kemi-arritur-asnje-marreveshje-perpara-kam-takuar-koleget-nga-opozita\/"},"modified":"2024-05-15T21:34:11","modified_gmt":"2024-05-15T21:34:11","slug":"krasniqi-ne-takimin-me-kurtin-nuk-kemi-arritur-asnje-marreveshje-perpara-kam-takuar-koleget-nga-opozita","status":"publish","type":"post","link":"https:\/\/radiogjilani.com\/index.php\/2024\/05\/15\/krasniqi-ne-takimin-me-kurtin-nuk-kemi-arritur-asnje-marreveshje-perpara-kam-takuar-koleget-nga-opozita\/","title":{"rendered":"Krasniqi: N\u00eb takimin me Kurtin nuk kemi arritur asnj\u00eb marr\u00ebveshje \u2013 P\u00ebrpara kam takuar koleg\u00ebt nga opozita"},"content":{"rendered":"<p>Kryetari i PDK-s\u00eb, Memli Krasniqi, ka mohuar \u201cafrimin e PDK-s\u00eb\u201d me kryeministrin Kurti pas takimit q\u00eb kreu i partis\u00eb m\u00eb t\u00eb madhe opozitare pati me kreun e qeveris\u00eb s\u00eb Kosov\u00ebs: Krasniqi mohoi kategorikisht t\u00eb ket\u00eb b\u00ebr\u00eb ndonj\u00eb marr\u00ebveshje me Kurtin. \u201cAbsolutisht nuk \u00ebsht\u00eb e v\u00ebrtet\u00eb\u201d P\u00ebr t\u00eb arritur p\u00ebr zgjedhje duhet dakordim politik t\u00eb gjith\u00ebmbarsh\u00ebm. P\u00ebr shp\u00ebrb\u00ebrje t\u00eb Kuvendit duhen vota t\u00eb krejtve.<\/p>\n<p><a href=\"https:\/\/ekonomiaonline.com\/krasniqi-ne-takimin-me-kurtin-nuk-kemi-arritur-asnje-marreveshje-perpara-kam-takuar-koleget-nga-opozita\/\" rel=\"nofollow\">Source<\/a><\/p>\n","protected":false},"excerpt":{"rendered":"<p>Kryetari i PDK-s\u00eb, Memli Krasniqi, ka mohuar \u201cafrimin e PDK-s\u00eb\u201d me kryeministrin Kurti pas takimit q\u00eb kreu i partis\u00eb m\u00eb t\u00eb madhe opozitare pati me kreun e qeveris\u00eb s\u00eb Kosov\u00ebs: Krasniqi mohoi kategorikisht t\u00eb ket\u00eb b\u00ebr\u00eb ndonj\u00eb marr\u00ebveshje me Kurtin. \u201cAbsolutisht nuk \u00ebsht\u00eb e v\u00ebrtet\u00eb\u201d P\u00ebr t\u00eb arritur p\u00ebr zgjedhje duhet dakordim politik t\u00eb gjith\u00ebmbarsh\u00ebm. [&hellip;]<\/p>\n","protected":false},"author":1,"featured_media":2803,"comment_status":"open","ping_status":"open","sticky":false,"template":"","format":"standard","meta":{"footnotes":""},"categories":[19],"tags":[],"class_list":["post-2802","post","type-post","status-publish","format-standard","has-post-thumbnail","hentry","category-eko"],"_links":{"self":[{"href":"https:\/\/radiogjilani.com\/index.php\/wp-json\/wp\/v2\/posts\/2802","targetHints":{"allow":["GET"]}}],"collection":[{"href":"https:\/\/radiogjilani.com\/index.php\/wp-json\/wp\/v2\/posts"}],"about":[{"href":"https:\/\/radiogjilani.com\/index.php\/wp-json\/wp\/v2\/types\/post"}],"author":[{"embeddable":true,"href":"https:\/\/radiogjilani.com\/index.php\/wp-json\/wp\/v2\/users\/1"}],"replies":[{"embeddable":true,"href":"https:\/\/radiogjilani.com\/index.php\/wp-json\/wp\/v2\/comments?post=2802"}],"version-history":[{"count":0,"href":"https:\/\/radiogjilani.com\/index.php\/wp-json\/wp\/v2\/posts\/2802\/revisions"}],"wp:featuredmedia":[{"embeddable":true,"href":"https:\/\/radiogjilani.com\/index.php\/wp-json\/wp\/v2\/media\/2803"}],"wp:attachment":[{"href":"https:\/\/radiogjilani.com\/index.php\/wp-json\/wp\/v2\/media?parent=2802"}],"wp:term":[{"taxonomy":"category","embeddable":true,"href":"https:\/\/radiogjilani.com\/index.php\/wp-json\/wp\/v2\/categories?post=2802"},{"taxonomy":"post_tag","embeddable":true,"href":"https:\/\/radiogjilani.com\/index.php\/wp-json\/wp\/v2\/tags?post=2802"}],"curies":[{"name":"wp","href":"https:\/\/api.w.org\/{rel}","templated":true}]}}