{"id":2830,"date":"2024-05-15T21:34:37","date_gmt":"2024-05-15T21:34:37","guid":{"rendered":"https:\/\/radiogjilani.com\/index.php\/2024\/05\/15\/zjarret-ne-sezonin-e-veres-cako-mbledh-strukturat-e-qarkut-korce\/"},"modified":"2024-05-15T21:34:37","modified_gmt":"2024-05-15T21:34:37","slug":"zjarret-ne-sezonin-e-veres-cako-mbledh-strukturat-e-qarkut-korce","status":"publish","type":"post","link":"https:\/\/radiogjilani.com\/index.php\/2024\/05\/15\/zjarret-ne-sezonin-e-veres-cako-mbledh-strukturat-e-qarkut-korce\/","title":{"rendered":"Zjarret n\u00eb sezonin e ver\u00ebs, \u00c7ako mbledh strukturat e Qarkut Kor\u00e7\u00eb"},"content":{"rendered":"<p>Kreu i Emergjencave Civile, Haki \u00c7ako, dit\u00ebn e sotme ka zhvilluar nj\u00eb takim me strukturat e Qarkut Kor\u00e7\u00ebs, p\u00ebr p\u00ebrgatitjen e emergjencave civile n\u00eb sezonin e ver\u00ebs.<\/p>\n<p>Pik\u00eb kryesore e diskutimit ishte parandalimi dhe reagimi n\u00eb koh\u00eb rekord p\u00ebr shuarjen e zjarreve, fenomen i cili v\u00eb n\u00eb presion emergjencat civile gjat\u00eb ver\u00ebs.<\/p>\n<p>\u201cSi\u00e7 e ndoq\u00ebt sapo p\u00ebrmbyll\u00ebm takimin e komisionit t\u00eb mbrojtjes civile n\u00eb qarkun e Kor\u00e7\u00ebs, q\u00eb kryesohet nga prefekti i Qarkut. Gjej rastin t\u00eb fal\u00ebnderoj prefektin dhe kryetar\u00ebt e bashkive dhe drejtuesit e institucioneve t\u00eb Kor\u00e7\u00ebs p\u00ebr seriozitetin me t\u00eb cilin ata kan\u00eb vler\u00ebsuar dhe ndjekur t\u00eb gjitha situatat e emergjenc\u00ebs n\u00eb Qarkun e Kor\u00e7\u00ebs\u201d.<\/p>\n<p>Sipas tij, \u00ebsht\u00eb \u201cnj\u00eb qark i cili funksionon shum\u00eb mir\u00eb n\u00eb mekanizmin e vet\u00eb, n\u00eb menaxhimin dhe rakordimin e t\u00eb gjith\u00eb situatave t\u00eb emergjenc\u00ebs, u diskutua dhe p\u00ebr \u00e7\u00ebshtje specifike, nd\u00ebr to ishte dhe \u00e7\u00ebshtja e numrit t\u00eb zjarrfik\u00ebsve n\u00eb baz\u00eb t\u00eb Bashkive i cili, sipas kryetarit t\u00eb Bashkis\u00eb s\u00eb Maliqit \u00ebsht\u00eb nj\u00eb num\u00ebr i fiksuar standard\u201d.<\/p>\n<div class=\"ads square\">\n<p>    <a href=\"https:\/\/track.adform.net\/C\/?bn=73199340;C=0\" target=\"_blank\" rel=\"noopener\"><br \/>\n    <img loading=\"lazy\" decoding=\"async\" src=\"https:\/\/track.adform.net\/adfserve\/?bn=73199340;srctype=4;ord=%5Btimestamp%5D\" border=\"0\" width=\"300\" height=\"250\" alt=\"reklama iqos\"><br \/>\n    <\/a><\/p><\/div>\n<p>\u201cDuhet t\u00eb diskutojm\u00eb dhe relatojm\u00eb n\u00eb drejtorin\u00eb e p\u00ebrgjitshme t\u00eb mbrojtjes nga zjarret, pran\u00eb ministris\u00eb s\u00eb Brendshme, me t\u00eb cilin\u00eb ne jemi n\u00eb koordinim t\u00eb p\u00ebrhersh\u00ebm, pasi \u00ebsht\u00eb nj\u00eb standard i cili duhet t\u00eb vler\u00ebsohet sepse bashki t\u00eb ndryshme, kan\u00eb kapacitete t\u00eb ndryshme, por edhe rrisje t\u00eb ndryshme. Dhe mbi baz\u00ebn e rrisqeve t\u00eb zjarreve do t\u00eb duhet t\u00eb angazhojn\u00eb dhe kapacitetet e burimeve njer\u00ebzore\u201d.<\/p>\n<p>The post <a rel=\"nofollow\" href=\"https:\/\/albanianpost.com\/zjarret-ne-sezonin-e-veres-cako-mbledh-strukturat-e-qarkut-korce\/\">Zjarret n\u00eb sezonin e ver\u00ebs, \u00c7ako mbledh strukturat e Qarkut Kor\u00e7\u00eb<\/a> appeared first on <a rel=\"nofollow\" href=\"https:\/\/albanianpost.com\/\">Albanian Post<\/a>.<\/p>\n","protected":false},"excerpt":{"rendered":"<p>Kreu i Emergjencave Civile, Haki \u00c7ako, dit\u00ebn e sotme ka zhvilluar nj\u00eb takim me strukturat e Qarkut Kor\u00e7\u00ebs, p\u00ebr p\u00ebrgatitjen e emergjencave civile n\u00eb sezonin e ver\u00ebs. Pik\u00eb kryesore e diskutimit ishte parandalimi dhe reagimi n\u00eb koh\u00eb rekord p\u00ebr shuarjen e zjarreve, fenomen i cili v\u00eb n\u00eb presion emergjencat civile gjat\u00eb ver\u00ebs. \u201cSi\u00e7 e ndoq\u00ebt [&hellip;]<\/p>\n","protected":false},"author":1,"featured_media":2831,"comment_status":"open","ping_status":"open","sticky":false,"template":"","format":"standard","meta":{"footnotes":""},"categories":[1],"tags":[],"class_list":["post-2830","post","type-post","status-publish","format-standard","has-post-thumbnail","hentry","category-uncategorized"],"_links":{"self":[{"href":"https:\/\/radiogjilani.com\/index.php\/wp-json\/wp\/v2\/posts\/2830","targetHints":{"allow":["GET"]}}],"collection":[{"href":"https:\/\/radiogjilani.com\/index.php\/wp-json\/wp\/v2\/posts"}],"about":[{"href":"https:\/\/radiogjilani.com\/index.php\/wp-json\/wp\/v2\/types\/post"}],"author":[{"embeddable":true,"href":"https:\/\/radiogjilani.com\/index.php\/wp-json\/wp\/v2\/users\/1"}],"replies":[{"embeddable":true,"href":"https:\/\/radiogjilani.com\/index.php\/wp-json\/wp\/v2\/comments?post=2830"}],"version-history":[{"count":0,"href":"https:\/\/radiogjilani.com\/index.php\/wp-json\/wp\/v2\/posts\/2830\/revisions"}],"wp:featuredmedia":[{"embeddable":true,"href":"https:\/\/radiogjilani.com\/index.php\/wp-json\/wp\/v2\/media\/2831"}],"wp:attachment":[{"href":"https:\/\/radiogjilani.com\/index.php\/wp-json\/wp\/v2\/media?parent=2830"}],"wp:term":[{"taxonomy":"category","embeddable":true,"href":"https:\/\/radiogjilani.com\/index.php\/wp-json\/wp\/v2\/categories?post=2830"},{"taxonomy":"post_tag","embeddable":true,"href":"https:\/\/radiogjilani.com\/index.php\/wp-json\/wp\/v2\/tags?post=2830"}],"curies":[{"name":"wp","href":"https:\/\/api.w.org\/{rel}","templated":true}]}}