{"id":2842,"date":"2024-05-16T22:24:53","date_gmt":"2024-05-16T22:24:53","guid":{"rendered":"https:\/\/radiogjilani.com\/index.php\/2024\/05\/16\/ministria-e-gervalles-i-pergjigjet-presidences-per-letren-e-derguar-ne-kie-letra-eshte-zotim-i-krereve-te-vendit\/"},"modified":"2024-05-16T22:24:53","modified_gmt":"2024-05-16T22:24:53","slug":"ministria-e-gervalles-i-pergjigjet-presidences-per-letren-e-derguar-ne-kie-letra-eshte-zotim-i-krereve-te-vendit","status":"publish","type":"post","link":"https:\/\/radiogjilani.com\/index.php\/2024\/05\/16\/ministria-e-gervalles-i-pergjigjet-presidences-per-letren-e-derguar-ne-kie-letra-eshte-zotim-i-krereve-te-vendit\/","title":{"rendered":"Ministria e G\u00ebrvall\u00ebs i p\u00ebrgjigjet Presidenc\u00ebs p\u00ebr letr\u00ebn e d\u00ebrguar n\u00eb KiE: Letra \u00ebsht\u00eb zotim i krer\u00ebve t\u00eb vendit"},"content":{"rendered":"<p>Nga Ministria e Pun\u00ebve t\u00eb Jashtme dhe Diaspor\u00ebs kan\u00eb reaguar pasi Presidenca e Kosov\u00ebs sot deklaroi se ekzekutivi i vendit nuk jan\u00eb konsultuar dhe dakorduar me presidenten Vjosa Osmani p\u00ebr letr\u00ebn d\u00ebrguar Asambles\u00eb Parlamentare t\u00eb K\u00ebshillit t\u00eb Evrop\u00ebs, ku u zotua se deri n\u00eb fund t\u00eb majit Kosova do ta shkruaj\u00eb draft-statutin e Asociacionit. Nga MPJD than\u00eb se n\u00eb let\u00ebr jan\u00eb zotimet e krer\u00ebve t\u00eb&#8230;<\/p>\n<p><a href=\"https:\/\/ekonomiaonline.com\/ministria-e-gervalles-i-pergjigjet-presidences-per-letren-e-derguar-ne-kie-letra-eshte-zotim-i-krereve-te-vendit\/\" rel=\"nofollow\">Source<\/a><\/p>\n","protected":false},"excerpt":{"rendered":"<p>Nga Ministria e Pun\u00ebve t\u00eb Jashtme dhe Diaspor\u00ebs kan\u00eb reaguar pasi Presidenca e Kosov\u00ebs sot deklaroi se ekzekutivi i vendit nuk jan\u00eb konsultuar dhe dakorduar me presidenten Vjosa Osmani p\u00ebr letr\u00ebn d\u00ebrguar Asambles\u00eb Parlamentare t\u00eb K\u00ebshillit t\u00eb Evrop\u00ebs, ku u zotua se deri n\u00eb fund t\u00eb majit Kosova do ta shkruaj\u00eb draft-statutin e Asociacionit. Nga [&hellip;]<\/p>\n","protected":false},"author":1,"featured_media":2843,"comment_status":"open","ping_status":"open","sticky":false,"template":"","format":"standard","meta":{"footnotes":""},"categories":[19],"tags":[],"class_list":["post-2842","post","type-post","status-publish","format-standard","has-post-thumbnail","hentry","category-eko"],"_links":{"self":[{"href":"https:\/\/radiogjilani.com\/index.php\/wp-json\/wp\/v2\/posts\/2842","targetHints":{"allow":["GET"]}}],"collection":[{"href":"https:\/\/radiogjilani.com\/index.php\/wp-json\/wp\/v2\/posts"}],"about":[{"href":"https:\/\/radiogjilani.com\/index.php\/wp-json\/wp\/v2\/types\/post"}],"author":[{"embeddable":true,"href":"https:\/\/radiogjilani.com\/index.php\/wp-json\/wp\/v2\/users\/1"}],"replies":[{"embeddable":true,"href":"https:\/\/radiogjilani.com\/index.php\/wp-json\/wp\/v2\/comments?post=2842"}],"version-history":[{"count":0,"href":"https:\/\/radiogjilani.com\/index.php\/wp-json\/wp\/v2\/posts\/2842\/revisions"}],"wp:featuredmedia":[{"embeddable":true,"href":"https:\/\/radiogjilani.com\/index.php\/wp-json\/wp\/v2\/media\/2843"}],"wp:attachment":[{"href":"https:\/\/radiogjilani.com\/index.php\/wp-json\/wp\/v2\/media?parent=2842"}],"wp:term":[{"taxonomy":"category","embeddable":true,"href":"https:\/\/radiogjilani.com\/index.php\/wp-json\/wp\/v2\/categories?post=2842"},{"taxonomy":"post_tag","embeddable":true,"href":"https:\/\/radiogjilani.com\/index.php\/wp-json\/wp\/v2\/tags?post=2842"}],"curies":[{"name":"wp","href":"https:\/\/api.w.org\/{rel}","templated":true}]}}