{"id":2874,"date":"2024-05-16T22:25:33","date_gmt":"2024-05-16T22:25:33","guid":{"rendered":"https:\/\/radiogjilani.com\/index.php\/2024\/05\/16\/letra-e-gervalles-nxit-perplasje-mes-qeverise-dhe-presidences-scholz-macron-dhe-meloni-se-nderrojne-mendjen\/"},"modified":"2024-05-16T22:25:33","modified_gmt":"2024-05-16T22:25:33","slug":"letra-e-gervalles-nxit-perplasje-mes-qeverise-dhe-presidences-scholz-macron-dhe-meloni-se-nderrojne-mendjen","status":"publish","type":"post","link":"https:\/\/radiogjilani.com\/index.php\/2024\/05\/16\/letra-e-gervalles-nxit-perplasje-mes-qeverise-dhe-presidences-scholz-macron-dhe-meloni-se-nderrojne-mendjen\/","title":{"rendered":"Letra e G\u00ebrvall\u00ebs nxit p\u00ebrplasje mes qeveris\u00eb dhe presidenc\u00ebs \u2013 Scholz, Macron dhe Meloni s\u2019e nd\u00ebrrojn\u00eb mendjen"},"content":{"rendered":"<p>Nj\u00eb draftstatut i Bashkimit Evropian (BE) n\u00eb form\u00eb ultimatumi p\u00ebr Asociacionin e Komunave me Shumic\u00eb Serbe, p\u00ebrkund\u00ebr se \u00ebsht\u00eb pranuar n\u00eb parim nga kryeministri kosovar, Albin Kurti, vitin e kaluar, s\u00ebrish \u00ebsht\u00eb kthyer n\u00eb shoq\u00ebruesin e paevituesh\u00ebm t\u00eb ekspozimit t\u00eb mospajtimeve dhe p\u00ebrplasjeve midis zyrtar\u00ebve kosovar\u00eb dhe lider\u00ebve evropian\u00eb.<\/p>\n<p>Ministrja e Pun\u00ebve t\u00eb Jashtme t\u00eb Kosov\u00ebs, Donika G\u00ebrvalla-Schwarz, n\u00eb nj\u00eb let\u00ebr drejtuar Asambles\u00eb Parlamentare t\u00eb K\u00ebshillit t\u00eb Evrop\u00ebs, njoftoi se ekzekutivi kosovar \u00ebsht\u00eb duke p\u00ebrgatitur nj\u00eb draftstatut p\u00ebr mekanizmin vet\u00ebmenaxhues p\u00ebr serb\u00ebt t\u00eb cilin \u00ebsht\u00eb zotuar ta d\u00ebrgoj\u00eb n\u00eb Gjykat\u00ebn Kushtetuese n\u00eb fund t\u00eb majit, duke u shmangur nga zotimet e kaluara.<\/p>\n<p>Gjat\u00eb nj\u00eb konference p\u00ebr media, shefja e diplomacis\u00eb kosovare nuk ofroi detaje p\u00ebr vizionin e Qeveris\u00eb s\u00eb Kosov\u00ebs p\u00ebr hartimin e draftstatutit t\u00eb paralajm\u00ebruar, por ashtu sikurse shkroi edhe n\u00eb letr\u00ebn q\u00eb e nisi drejt K\u00ebshillit t\u00eb Evrop\u00ebs, p\u00ebrs\u00ebriti se do t\u00eb frym\u00ebzohen nga nj\u00eb dokument i paraqitur p\u00ebr k\u00ebt\u00eb \u00e7\u00ebshtje vitin e kaluar nga organizata Friedrich-Ebert-Stiftung (FES).<\/p>\n<p>\u201cAngazhimi yn\u00eb \u00ebsht\u00eb shum\u00eb i sinqert\u00eb dhe shum\u00eb serioz, por ne presim q\u00eb partner\u00ebt tan\u00eb nd\u00ebrkomb\u00ebtar\u00eb ta vler\u00ebsojn\u00eb k\u00ebt\u00eb angazhim, dhe var\u00ebsisht nga reagimi i pal\u00ebs tjet\u00ebr, ne do t\u00eb shohim n\u00ebse do t\u00eb jemi n\u00eb gjendje, n\u00eb fund t\u00eb fundit, ta draftojm\u00eb nj\u00eb dokument t\u00eb till\u00eb dhe m\u00eb pas ta paraqesim. Deri m\u00eb tani nuk jemi n\u00eb procese t\u00eb avancuara\u201d, shtoi shefja e diplomacis\u00eb.<\/p>\n<div class=\"ads square\">\n<p>    <a href=\"https:\/\/track.adform.net\/C\/?bn=73199340;C=0\" target=\"_blank\" rel=\"noopener\"><br \/>\n    <img loading=\"lazy\" decoding=\"async\" src=\"https:\/\/track.adform.net\/adfserve\/?bn=73199340;srctype=4;ord=%5Btimestamp%5D\" border=\"0\" width=\"300\" height=\"250\" alt=\"reklama iqos\"><br \/>\n    <\/a><\/p><\/div>\n<p>P\u00ebrkund\u00ebr se autoritetet kosovare kan\u00eb pasur mund\u00ebsin\u00eb p\u00ebr 10 vjet\u00ebt e fundit t\u00eb p\u00ebrpunojn\u00eb nj\u00eb koncept t\u00eb p\u00ebrshtatsh\u00ebm p\u00ebr Asociacionin e Komunave me Shumic\u00eb Serbe \u2013 nj\u00eb detyr\u00eb urgjente juridikisht, ashtu edhe n\u00eb aspektin urtis\u00eb politike \u2013 k\u00ebt\u00eb hap nuk e ka b\u00ebr\u00eb askush, p\u00ebrve\u00e7 ekspert\u00ebve ligjor\u00eb t\u00eb shteteve evropiane, posa\u00e7\u00ebrisht t\u00eb Franc\u00ebs dhe Gjermanis\u00eb.<\/p>\n<p>Sidoqoft\u00eb, zotimi i Qeveris\u00eb s\u00eb Kosov\u00ebs erdhi n\u00eb prag t\u00eb seasionit pranveror t\u00eb Komitetit t\u00eb Ministrave t\u00eb K\u00ebshillit t\u00eb Evrop\u00ebs, ku an\u00ebtar\u00ebsimi i vendit t\u00eb vog\u00ebl ballkanik nuk \u00ebsht\u00eb n\u00eb rend dite p\u00ebr shkak se kryeministri Kurti shfryt\u00ebzoi\u00a0edhe nj\u00ebher\u00eb zot\u00ebsin\u00eb q\u00eb t\u2019i torturoj\u00eb edhe nj\u00ebher\u00eb lider\u00ebt evropian\u00eb. Megjithat\u00eb, kjo l\u00ebvizje nuk u prit mir\u00eb nga Presidenca e Kosov\u00ebs.<\/p>\n<p>N\u00eb nj\u00eb deklarat\u00eb t\u00eb enjten, zyra p\u00ebr shtyp njoftoi Presidentja e Kosov\u00ebs, Vjosa Osmani, nuk u konsultua nga Qeveria e Kosov\u00ebs p\u00ebr letr\u00ebn t\u00eb cil\u00ebn e nis\u00ebn n\u00eb adres\u00ebn e K\u00ebshillit t\u00eb Evrop\u00ebs t\u00eb m\u00ebrkur\u00ebn, duke theksuar se \u00e7do derivat i letr\u00ebs s\u00eb zotimeve t\u00eb n\u00ebnshkruara nga tri institucionet qendrore duhet t\u00eb koordinohet dhe miratohet nga qeveria, presidenca e kuvendi.<\/p>\n<p>\u201cPresidentja Osmani p\u00ebrkrah\u00eb vet\u00ebm q\u00ebndrime dhe veprime paraprakisht t\u00eb konsultuara, t\u00eb koordinuara dhe t\u00eb dakorduara me institucionin e Presidenc\u00ebs e Kosov\u00ebs si institucion kushtetues me kompetenca t\u00eb qarta n\u00eb fush\u00ebn e politik\u00ebs s\u00eb jashtme dhe si gardian i funksionimit kushtetues t\u00eb institucioneve. Kjo let\u00ebr nuk \u00ebsht\u00eb e till\u00eb\u201d, n\u00ebnvizoi zyra e presidentes.<\/p>\n<p>Megjithat\u00eb, kryeministri Kurti mori nj\u00eb goditje t\u00eb fort\u00eb edhe nga lider\u00ebt evropian\u00eb. Kancelari i Gjermanis\u00eb, Olaf Scholz, kryeministrja e Italis\u00eb, Giorgia Meloni, dhe presidenti i Franc\u00ebs, Emmanuel Macron, ngul\u00ebn k\u00ebmb\u00eb n\u00eb draftstatutin e propozuar nga Emisari Special i BE-s\u00eb, Mirosllav Laj\u00e7ak, p\u00ebr themelimin e Asociacionin e Komunave me Shumic\u00eb Serbe n\u00eb Kosov\u00eb.<\/p>\n<p>\u201cAi \u00ebsht\u00eb model i q\u00ebndruesh\u00ebm, i p\u00ebrpiluar me kujdes me ndihm\u00ebn e ligjv\u00ebn\u00ebsve dhe ekspert\u00ebve evropian\u00eb, n\u00eb p\u00ebrputhje me praktikat m\u00eb t\u00eb mira ekzistuese n\u00eb Evrop\u00eb. Ai i merr parasysh plot\u00ebsisht t\u00eb gjitha vijat tuaja t\u00eb kuqe, si dhe korniz\u00ebn ligjore dhe Kushtetut\u00ebn e Kosov\u00ebs. Si i till\u00eb, ai g\u00ebzon mb\u00ebshtetjen ton\u00eb t\u00eb plot\u00eb\u201d, potencuan boshti Scholz, Macron e Meloni.<\/p>\n<p>Vjesht\u00ebn e kaluar, p\u00ebrfaq\u00ebsuesi special i BE-s\u00eb ua paraqiti lider\u00ebve n\u00eb Prishtin\u00eb dhe Beograd draftstatutin p\u00ebr Asociacionin e Komunave me Shumic\u00eb Serbe. Ky draftstatut, n\u00eb baz\u00eb t\u00eb deklaratave t\u00eb zyrtar\u00ebve evropian\u00eb, merr parasysh \u201cvijat e kuqe\u201d t\u00eb p\u00ebrcaktuara nga ligji kushtetues i Kosov\u00ebs.<\/p>\n<p>Ndryshe, themelimi i Asociacionit t\u00eb Komunave me Shumic\u00eb Serbe konsiderohet obligim i pazbatuar, i cili buron nga marr\u00ebveshja e vitit 2013 n\u00eb kuad\u00ebr t\u00eb dialogut p\u00ebr normalizimin e marr\u00ebdh\u00ebnieve. Kjo \u00ebsht\u00eb marr\u00ebveshja e vetme e dialogut q\u00eb \u00ebsht\u00eb ratifikuar nga Kuvendi i Kosov\u00ebs me dy t\u00eb tretat e votave dhe ka fuqin\u00eb ligjore t\u00eb nj\u00eb marr\u00ebveshjeje nd\u00ebrkomb\u00ebtare.<\/p>\n<blockquote class=\"wp-embedded-content\" data-secret=\"fBUXmmLpVg\">\n<p><a href=\"https:\/\/albanianpost.com\/ekskluzive-letra-e-frances-gjermanise-dhe-italise-per-kurtin-hapat-qe-ndermore-smjaftojne-duhet-dergim-ne-kushtetuese-i-draftit-te-be-se\/\">Ekskluzive: Letra e Franc\u00ebs, Gjermanis\u00eb dhe Italis\u00eb p\u00ebr Kurtin: Hapat q\u00eb nd\u00ebrmore s\u2019mjaftojn\u00eb, duhet d\u00ebrgim n\u00eb Kushtetuese i draftit t\u00eb BE-s\u00eb<\/a><\/p>\n<\/blockquote>\n<p>The post <a rel=\"nofollow\" href=\"https:\/\/albanianpost.com\/letra-e-gervalles-nxit-perplasje-mes-qeverise-dhe-presidences-scholz-macron-dhe-meloni-se-nderrojne-mendjen\/\">Letra e G\u00ebrvall\u00ebs nxit p\u00ebrplasje mes qeveris\u00eb dhe presidenc\u00ebs \u2013 Scholz, Macron dhe Meloni s\u2019e nd\u00ebrrojn\u00eb mendjen<\/a> appeared first on <a rel=\"nofollow\" href=\"https:\/\/albanianpost.com\/\">Albanian Post<\/a>.<\/p>\n","protected":false},"excerpt":{"rendered":"<p>Nj\u00eb draftstatut i Bashkimit Evropian (BE) n\u00eb form\u00eb ultimatumi p\u00ebr Asociacionin e Komunave me Shumic\u00eb Serbe, p\u00ebrkund\u00ebr se \u00ebsht\u00eb pranuar n\u00eb parim nga kryeministri kosovar, Albin Kurti, vitin e kaluar, s\u00ebrish \u00ebsht\u00eb kthyer n\u00eb shoq\u00ebruesin e paevituesh\u00ebm t\u00eb ekspozimit t\u00eb mospajtimeve dhe p\u00ebrplasjeve midis zyrtar\u00ebve kosovar\u00eb dhe lider\u00ebve evropian\u00eb. Ministrja e Pun\u00ebve t\u00eb Jashtme t\u00eb [&hellip;]<\/p>\n","protected":false},"author":1,"featured_media":2875,"comment_status":"open","ping_status":"open","sticky":false,"template":"","format":"standard","meta":{"footnotes":""},"categories":[1],"tags":[],"class_list":["post-2874","post","type-post","status-publish","format-standard","has-post-thumbnail","hentry","category-uncategorized"],"_links":{"self":[{"href":"https:\/\/radiogjilani.com\/index.php\/wp-json\/wp\/v2\/posts\/2874","targetHints":{"allow":["GET"]}}],"collection":[{"href":"https:\/\/radiogjilani.com\/index.php\/wp-json\/wp\/v2\/posts"}],"about":[{"href":"https:\/\/radiogjilani.com\/index.php\/wp-json\/wp\/v2\/types\/post"}],"author":[{"embeddable":true,"href":"https:\/\/radiogjilani.com\/index.php\/wp-json\/wp\/v2\/users\/1"}],"replies":[{"embeddable":true,"href":"https:\/\/radiogjilani.com\/index.php\/wp-json\/wp\/v2\/comments?post=2874"}],"version-history":[{"count":0,"href":"https:\/\/radiogjilani.com\/index.php\/wp-json\/wp\/v2\/posts\/2874\/revisions"}],"wp:featuredmedia":[{"embeddable":true,"href":"https:\/\/radiogjilani.com\/index.php\/wp-json\/wp\/v2\/media\/2875"}],"wp:attachment":[{"href":"https:\/\/radiogjilani.com\/index.php\/wp-json\/wp\/v2\/media?parent=2874"}],"wp:term":[{"taxonomy":"category","embeddable":true,"href":"https:\/\/radiogjilani.com\/index.php\/wp-json\/wp\/v2\/categories?post=2874"},{"taxonomy":"post_tag","embeddable":true,"href":"https:\/\/radiogjilani.com\/index.php\/wp-json\/wp\/v2\/tags?post=2874"}],"curies":[{"name":"wp","href":"https:\/\/api.w.org\/{rel}","templated":true}]}}