{"id":2908,"date":"2024-05-17T22:28:00","date_gmt":"2024-05-17T22:28:00","guid":{"rendered":"https:\/\/radiogjilani.com\/index.php\/2024\/05\/17\/bujar-osmani-ne-mbledhjen-e-komitetit-te-ministrave-kosova-e-meriton-te-behet-anetare-e-kie-se\/"},"modified":"2024-05-17T22:28:00","modified_gmt":"2024-05-17T22:28:00","slug":"bujar-osmani-ne-mbledhjen-e-komitetit-te-ministrave-kosova-e-meriton-te-behet-anetare-e-kie-se","status":"publish","type":"post","link":"https:\/\/radiogjilani.com\/index.php\/2024\/05\/17\/bujar-osmani-ne-mbledhjen-e-komitetit-te-ministrave-kosova-e-meriton-te-behet-anetare-e-kie-se\/","title":{"rendered":"Bujar Osmani n\u00eb mbledhjen e Komitetit t\u00eb Ministrave: Kosova e meriton t\u00eb b\u00ebhet an\u00ebtare e KiE-s\u00eb"},"content":{"rendered":"<p>Kryediplomati i Maqedonis\u00eb s\u00eb Veriut, Bujar Osmani, gjat\u00eb takimit t\u00eb Komitetit t\u00eb Ministrave n\u00eb Strasburg, ka lobuar p\u00ebr an\u00ebtar\u00ebsimin e Kosov\u00ebs n\u00eb K\u00ebshillin e Evrop\u00ebs. Duke shtuar se Kosova e meriton t\u00eb b\u00ebhet an\u00ebtare e K\u00ebshillit t\u00eb Evrop\u00ebs, Osmani theksoi se an\u00ebtar\u00ebsimi do t\u00eb ndikoj\u00eb edhe n\u00eb stabilitetin e bashk\u00ebpunimit rajonal \u201c\u00cbsht\u00eb e nj\u00eb r\u00ebnd\u00ebsie t\u00eb madhe q\u00eb ne t\u00eb mos i shmangemi p\u00ebrqafimit t\u00eb&#8230;<\/p>\n<p><a href=\"https:\/\/ekonomiaonline.com\/osmani-ne-mbledhjen-e-komitetit-te-ministrave-kosova-e-meriton-te-behet-anetare-e-kie-se\/\" rel=\"nofollow\">Source<\/a><\/p>\n","protected":false},"excerpt":{"rendered":"<p>Kryediplomati i Maqedonis\u00eb s\u00eb Veriut, Bujar Osmani, gjat\u00eb takimit t\u00eb Komitetit t\u00eb Ministrave n\u00eb Strasburg, ka lobuar p\u00ebr an\u00ebtar\u00ebsimin e Kosov\u00ebs n\u00eb K\u00ebshillin e Evrop\u00ebs. Duke shtuar se Kosova e meriton t\u00eb b\u00ebhet an\u00ebtare e K\u00ebshillit t\u00eb Evrop\u00ebs, Osmani theksoi se an\u00ebtar\u00ebsimi do t\u00eb ndikoj\u00eb edhe n\u00eb stabilitetin e bashk\u00ebpunimit rajonal \u201c\u00cbsht\u00eb e nj\u00eb r\u00ebnd\u00ebsie [&hellip;]<\/p>\n","protected":false},"author":1,"featured_media":2909,"comment_status":"open","ping_status":"open","sticky":false,"template":"","format":"standard","meta":{"footnotes":""},"categories":[19],"tags":[],"class_list":["post-2908","post","type-post","status-publish","format-standard","has-post-thumbnail","hentry","category-eko"],"_links":{"self":[{"href":"https:\/\/radiogjilani.com\/index.php\/wp-json\/wp\/v2\/posts\/2908","targetHints":{"allow":["GET"]}}],"collection":[{"href":"https:\/\/radiogjilani.com\/index.php\/wp-json\/wp\/v2\/posts"}],"about":[{"href":"https:\/\/radiogjilani.com\/index.php\/wp-json\/wp\/v2\/types\/post"}],"author":[{"embeddable":true,"href":"https:\/\/radiogjilani.com\/index.php\/wp-json\/wp\/v2\/users\/1"}],"replies":[{"embeddable":true,"href":"https:\/\/radiogjilani.com\/index.php\/wp-json\/wp\/v2\/comments?post=2908"}],"version-history":[{"count":0,"href":"https:\/\/radiogjilani.com\/index.php\/wp-json\/wp\/v2\/posts\/2908\/revisions"}],"wp:featuredmedia":[{"embeddable":true,"href":"https:\/\/radiogjilani.com\/index.php\/wp-json\/wp\/v2\/media\/2909"}],"wp:attachment":[{"href":"https:\/\/radiogjilani.com\/index.php\/wp-json\/wp\/v2\/media?parent=2908"}],"wp:term":[{"taxonomy":"category","embeddable":true,"href":"https:\/\/radiogjilani.com\/index.php\/wp-json\/wp\/v2\/categories?post=2908"},{"taxonomy":"post_tag","embeddable":true,"href":"https:\/\/radiogjilani.com\/index.php\/wp-json\/wp\/v2\/tags?post=2908"}],"curies":[{"name":"wp","href":"https:\/\/api.w.org\/{rel}","templated":true}]}}