{"id":2916,"date":"2024-05-17T22:27:56","date_gmt":"2024-05-17T22:27:56","guid":{"rendered":"https:\/\/radiogjilani.com\/index.php\/2024\/05\/17\/pas-deshtimit-ne-kie-deputeti-i-vv-se-sulmon-edhe-shqiperine\/"},"modified":"2024-05-17T22:27:56","modified_gmt":"2024-05-17T22:27:56","slug":"pas-deshtimit-ne-kie-deputeti-i-vv-se-sulmon-edhe-shqiperine","status":"publish","type":"post","link":"https:\/\/radiogjilani.com\/index.php\/2024\/05\/17\/pas-deshtimit-ne-kie-deputeti-i-vv-se-sulmon-edhe-shqiperine\/","title":{"rendered":"Pas d\u00ebshtimit n\u00eb KiE, deputeti i VV-s\u00eb sulmon edhe Shqip\u00ebrin\u00eb"},"content":{"rendered":"<p>Deputeti i Vet\u00ebvendosjes, Dimal Basha, ka th\u00ebn\u00eb se Kosova ka gjetur m\u00eb shum\u00eb mb\u00ebshtetje te shtete si Britania e Madhe n\u00eb K\u00ebshillin e Evrop\u00ebs, sesa nga Shqip\u00ebria sipas tij. Ai fillimisht kishte vendosur t\u00eb shante Evrop\u00ebn pse Kosova nuk u pranua n\u00eb KiE, pasi u kusht\u00ebzua me d\u00ebrgimin e draft-statutit t\u00eb Asociacionit t\u00eb komunave me shumic\u00eb serbe, q\u00eb e kishte pranuar vet\u00eb Qeveria n\u00eb Oh\u00ebr e Bruksel e pak&#8230;<\/p>\n<p><a href=\"https:\/\/ekonomiaonline.com\/pas-deshtimit-ne-kie-deputeti-i-vv-se-sulmon-edhe-shqiperine\/\" rel=\"nofollow\">Source<\/a><\/p>\n","protected":false},"excerpt":{"rendered":"<p>Deputeti i Vet\u00ebvendosjes, Dimal Basha, ka th\u00ebn\u00eb se Kosova ka gjetur m\u00eb shum\u00eb mb\u00ebshtetje te shtete si Britania e Madhe n\u00eb K\u00ebshillin e Evrop\u00ebs, sesa nga Shqip\u00ebria sipas tij. Ai fillimisht kishte vendosur t\u00eb shante Evrop\u00ebn pse Kosova nuk u pranua n\u00eb KiE, pasi u kusht\u00ebzua me d\u00ebrgimin e draft-statutit t\u00eb Asociacionit t\u00eb komunave me [&hellip;]<\/p>\n","protected":false},"author":1,"featured_media":2917,"comment_status":"open","ping_status":"open","sticky":false,"template":"","format":"standard","meta":{"footnotes":""},"categories":[19],"tags":[],"class_list":["post-2916","post","type-post","status-publish","format-standard","has-post-thumbnail","hentry","category-eko"],"_links":{"self":[{"href":"https:\/\/radiogjilani.com\/index.php\/wp-json\/wp\/v2\/posts\/2916","targetHints":{"allow":["GET"]}}],"collection":[{"href":"https:\/\/radiogjilani.com\/index.php\/wp-json\/wp\/v2\/posts"}],"about":[{"href":"https:\/\/radiogjilani.com\/index.php\/wp-json\/wp\/v2\/types\/post"}],"author":[{"embeddable":true,"href":"https:\/\/radiogjilani.com\/index.php\/wp-json\/wp\/v2\/users\/1"}],"replies":[{"embeddable":true,"href":"https:\/\/radiogjilani.com\/index.php\/wp-json\/wp\/v2\/comments?post=2916"}],"version-history":[{"count":0,"href":"https:\/\/radiogjilani.com\/index.php\/wp-json\/wp\/v2\/posts\/2916\/revisions"}],"wp:featuredmedia":[{"embeddable":true,"href":"https:\/\/radiogjilani.com\/index.php\/wp-json\/wp\/v2\/media\/2917"}],"wp:attachment":[{"href":"https:\/\/radiogjilani.com\/index.php\/wp-json\/wp\/v2\/media?parent=2916"}],"wp:term":[{"taxonomy":"category","embeddable":true,"href":"https:\/\/radiogjilani.com\/index.php\/wp-json\/wp\/v2\/categories?post=2916"},{"taxonomy":"post_tag","embeddable":true,"href":"https:\/\/radiogjilani.com\/index.php\/wp-json\/wp\/v2\/tags?post=2916"}],"curies":[{"name":"wp","href":"https:\/\/api.w.org\/{rel}","templated":true}]}}