{"id":2918,"date":"2024-05-17T22:27:55","date_gmt":"2024-05-17T22:27:55","guid":{"rendered":"https:\/\/radiogjilani.com\/index.php\/2024\/05\/17\/shqiperia-dhe-ballkani-perendimor-ne-be-deri-ne-vitin-2030\/"},"modified":"2024-05-17T22:27:55","modified_gmt":"2024-05-17T22:27:55","slug":"shqiperia-dhe-ballkani-perendimor-ne-be-deri-ne-vitin-2030","status":"publish","type":"post","link":"https:\/\/radiogjilani.com\/index.php\/2024\/05\/17\/shqiperia-dhe-ballkani-perendimor-ne-be-deri-ne-vitin-2030\/","title":{"rendered":"Shqip\u00ebria dhe Ballkani Per\u00ebndimor n\u00eb BE deri n\u00eb vitin 2030"},"content":{"rendered":"<p>Sekretarja e P\u00ebrgjithshme e K\u00ebshillit t\u00eb Bashk\u00ebpunimit Rajonal (RCC) Majlinda Bregu foli n\u00eb Diskutimin e Takimeve t\u00eb Lider\u00ebve t\u00eb Konferenc\u00ebs s\u00eb Siguris\u00eb t\u00eb zhvilluar sot n\u00eb Tiran\u00eb. \u201cIdioma \u2018T\u00eb m\u00ebsosh duke b\u00ebr\u00eb\u2019 do t\u00eb jet\u00eb emri i loj\u00ebs kur b\u00ebhet fjal\u00eb p\u00ebr hyrjen e rajonit n\u00eb tregun e vet\u00ebm t\u00eb BE-s\u00eb. T\u00eb gjith\u00eb ne q\u00eb jemi ndjer\u00eb t\u00eb zhg\u00ebnjyer nga m\u00eb shum\u00eb se gjasht\u00eb raunde t\u00eb zgjerimit t\u00eb pasuksessh\u00ebm&#8230;<\/p>\n<p><a href=\"https:\/\/ekonomiaonline.com\/shqiperia-dhe-ballkani-perendimor-ne-be-deri-ne-vitin-2030\/\" rel=\"nofollow\">Source<\/a><\/p>\n","protected":false},"excerpt":{"rendered":"<p>Sekretarja e P\u00ebrgjithshme e K\u00ebshillit t\u00eb Bashk\u00ebpunimit Rajonal (RCC) Majlinda Bregu foli n\u00eb Diskutimin e Takimeve t\u00eb Lider\u00ebve t\u00eb Konferenc\u00ebs s\u00eb Siguris\u00eb t\u00eb zhvilluar sot n\u00eb Tiran\u00eb. \u201cIdioma \u2018T\u00eb m\u00ebsosh duke b\u00ebr\u00eb\u2019 do t\u00eb jet\u00eb emri i loj\u00ebs kur b\u00ebhet fjal\u00eb p\u00ebr hyrjen e rajonit n\u00eb tregun e vet\u00ebm t\u00eb BE-s\u00eb. T\u00eb gjith\u00eb ne q\u00eb [&hellip;]<\/p>\n","protected":false},"author":1,"featured_media":2919,"comment_status":"open","ping_status":"open","sticky":false,"template":"","format":"standard","meta":{"footnotes":""},"categories":[19],"tags":[],"class_list":["post-2918","post","type-post","status-publish","format-standard","has-post-thumbnail","hentry","category-eko"],"_links":{"self":[{"href":"https:\/\/radiogjilani.com\/index.php\/wp-json\/wp\/v2\/posts\/2918","targetHints":{"allow":["GET"]}}],"collection":[{"href":"https:\/\/radiogjilani.com\/index.php\/wp-json\/wp\/v2\/posts"}],"about":[{"href":"https:\/\/radiogjilani.com\/index.php\/wp-json\/wp\/v2\/types\/post"}],"author":[{"embeddable":true,"href":"https:\/\/radiogjilani.com\/index.php\/wp-json\/wp\/v2\/users\/1"}],"replies":[{"embeddable":true,"href":"https:\/\/radiogjilani.com\/index.php\/wp-json\/wp\/v2\/comments?post=2918"}],"version-history":[{"count":0,"href":"https:\/\/radiogjilani.com\/index.php\/wp-json\/wp\/v2\/posts\/2918\/revisions"}],"wp:featuredmedia":[{"embeddable":true,"href":"https:\/\/radiogjilani.com\/index.php\/wp-json\/wp\/v2\/media\/2919"}],"wp:attachment":[{"href":"https:\/\/radiogjilani.com\/index.php\/wp-json\/wp\/v2\/media?parent=2918"}],"wp:term":[{"taxonomy":"category","embeddable":true,"href":"https:\/\/radiogjilani.com\/index.php\/wp-json\/wp\/v2\/categories?post=2918"},{"taxonomy":"post_tag","embeddable":true,"href":"https:\/\/radiogjilani.com\/index.php\/wp-json\/wp\/v2\/tags?post=2918"}],"curies":[{"name":"wp","href":"https:\/\/api.w.org\/{rel}","templated":true}]}}