{"id":2928,"date":"2024-05-17T22:28:45","date_gmt":"2024-05-17T22:28:45","guid":{"rendered":"https:\/\/radiogjilani.com\/index.php\/2024\/05\/17\/ambasadorja-e-shba-ve-ne-nato-thirrje-vendeve-te-ballkanit-perendimor-te-rrisin-shpenzimet-e-mbrojtjes\/"},"modified":"2024-05-17T22:28:45","modified_gmt":"2024-05-17T22:28:45","slug":"ambasadorja-e-shba-ve-ne-nato-thirrje-vendeve-te-ballkanit-perendimor-te-rrisin-shpenzimet-e-mbrojtjes","status":"publish","type":"post","link":"https:\/\/radiogjilani.com\/index.php\/2024\/05\/17\/ambasadorja-e-shba-ve-ne-nato-thirrje-vendeve-te-ballkanit-perendimor-te-rrisin-shpenzimet-e-mbrojtjes\/","title":{"rendered":"Ambasadorja e SHBA-ve n\u00eb NATO, thirrje vendeve t\u00eb Ballkanit Per\u00ebndimor t\u00eb rrisin shpenzimet e mbrojtjes"},"content":{"rendered":"<p>Shtetet e Bashkuara t\u00eb Amerik\u00ebs (SHBA) shpresojn\u00eb q\u00eb deri n\u00eb samitin e ardhsh\u00ebm t\u00eb NATO-s n\u00eb Washington, pothuajse t\u00eb 32 an\u00ebtar\u00ebt e aleanc\u00ebs do t\u00eb p\u00ebrmbushin zotimin e b\u00ebr\u00eb 10 vjet m\u00eb par\u00eb p\u00ebr t\u00eb rritur shpenzimet e mbrojtjes n\u00eb 2 p\u00ebr qind t\u00eb PBB-s\u00eb.<\/p>\n<p>K\u00ebshtu deklaroi ambasadorja e SHBA-ve n\u00eb NATO, Julianne Smith, n\u00eb nj\u00eb intervist\u00eb p\u00ebr \u201cRadion Evropa e Lir\u00eb\u201d.<\/p>\n<p>An\u00ebtar\u00ebve t\u00eb NATO-s, Kroacis\u00eb, Shqip\u00ebris\u00eb, Malit t\u00eb Zi dhe Maqedonis\u00eb s\u00eb Veriut n\u00eb ve\u00e7anti iu k\u00ebrkua \u201ct\u00eb punojn\u00eb m\u00eb shum\u00eb p\u00ebr t\u00eb arritur objektivin prej 2 p\u00ebr qind\u201d deri n\u00eb koh\u00ebn kur t\u00eb mbahet samiti i NATO-s, theksoi ambasadorja.<\/p>\n<p>\u201cAta t\u00eb gjith\u00eb kan\u00eb punuar pa u lodhur gjat\u00eb dekad\u00ebs s\u00eb fundit p\u00ebr t\u00eb rritur shpenzimet e tyre t\u00eb mbrojtjes dhe ne i p\u00ebrsh\u00ebndesim ato p\u00ebrpjekje\u201d.<\/p>\n<div class=\"ads square\">\n<p>    <a href=\"https:\/\/track.adform.net\/C\/?bn=73199340;C=0\" target=\"_blank\" rel=\"noopener\"><br \/>\n    <img loading=\"lazy\" decoding=\"async\" src=\"https:\/\/track.adform.net\/adfserve\/?bn=73199340;srctype=4;ord=%5Btimestamp%5D\" border=\"0\" width=\"300\" height=\"250\" alt=\"reklama iqos\"><br \/>\n    <\/a><\/p><\/div>\n<p>Sipas ambasadores, \u00e7do gj\u00eb q\u00eb vendet n\u00eb Ballkanin Per\u00ebndimor mund t\u00eb b\u00ebjn\u00eb p\u00ebr t\u00eb rritur shpenzimet e mbrojtjes do t\u00eb vler\u00ebsohej.<\/p>\n<p>\u201cDhe kjo nuk \u00ebsht\u00eb vet\u00ebm p\u00ebr shkak t\u00eb ndarjes s\u00eb barr\u00ebs, por \u00ebsht\u00eb p\u00ebr shkak t\u00eb mjedisit aktual t\u00eb siguris\u00eb\u201d, tha Smith.<\/p>\n<p>\u201cKa k\u00ebrc\u00ebnime rreth nesh\u201d.<\/p>\n<p>Ajo p\u00ebrmendi luft\u00ebn n\u00eb Ukrain\u00eb, partneritetin n\u00eb zhvillim t\u00eb Rusis\u00eb me Kin\u00ebn, rritjen e prodhimit t\u00eb mbrojtjes dhe mb\u00ebshtetjen q\u00eb Rusia po merr nga Irani dhe Koreja e Veriut.<\/p>\n<p>\u201cKa kaq shum\u00eb arsye q\u00eb ne t\u00eb gjith\u00eb t\u00eb rrisim shpenzimet tona t\u00eb mbrojtjes. Dhe ne v\u00ebrtet duam t\u00eb arrijm\u00eb n\u00eb nj\u00eb situat\u00eb ku \u00e7do an\u00ebtar i k\u00ebsaj aleance shpenzon 2 p\u00ebrqind\u201d, tha ajo.<\/p>\n<p>Aleanca ka b\u00ebr\u00eb nj\u00eb rrug\u00eb t\u00eb gjat\u00eb q\u00eb nga premtimi i 2014-\u00ebs, kur vet\u00ebm tre an\u00ebtar\u00eb shpenzuan 2 p\u00ebrqind t\u00eb PBB-s\u00eb p\u00ebr mbrojtjen.<\/p>\n<p>Kjo \u00ebsht\u00eb rritur n\u00eb 18, sipas Sekretarit t\u00eb P\u00ebrgjithsh\u00ebm t\u00eb NATO-s, Jens Stoltenberg.<\/p>\n<p>Smith ra dakord q\u00eb tre an\u00ebtar\u00eb t\u00eb tjer\u00eb t\u00eb Ballkanit q\u00eb nuk jan\u00eb n\u00eb NATO \u2014 p\u00ebrkat\u00ebsisht Kosova, Bosnje-Hercegovina dhe Serbia \u2014 kan\u00eb nj\u00eb marr\u00ebdh\u00ebnie t\u00eb ve\u00e7ant\u00eb me aleanc\u00ebn.<\/p>\n<p>Ajo gjithashtu paralajm\u00ebroi kund\u00ebr ndikimit dhe dezinformimit rus, duke th\u00ebn\u00eb se Shtetet e Bashkuara inkurajojn\u00eb miqt\u00eb e tyre n\u00eb Ballkanin Per\u00ebndimor q\u00eb t\u00eb q\u00ebndrojn\u00eb t\u00eb fokusuar n\u00eb vlerat q\u00eb ndajn\u00eb me Per\u00ebndimin dhe aspiratat e tyre euro-atlantike.<\/p>\n<p>\u201cRusia po b\u00ebn m\u00eb t\u00eb mir\u00ebn p\u00ebr t\u00eb shuar nj\u00eb det t\u00eb t\u00ebr\u00eb fushatash dezinformuese q\u00eb shpesh keqinterpretojn\u00eb se \u00e7far\u00eb \u00ebsht\u00eb NATO\u201d, tha ajo.<\/p>\n<p>\u201cAta shpesh p\u00ebrpiqen t\u00eb b\u00ebjn\u00eb pretendimin se NATO \u00ebsht\u00eb e p\u00ebrfshir\u00eb drejtp\u00ebrdrejt n\u00eb luft\u00ebn n\u00eb Ukrain\u00eb, gj\u00eb q\u00eb \u00ebsht\u00eb absurde dhe jo e v\u00ebrtet\u00eb\u201d.<\/p>\n<p>Rusia thot\u00eb g\u00ebnjeshtra p\u00ebr at\u00eb q\u00eb NATO b\u00ebn n\u00eb rajonin e Ballkanit Per\u00ebndimor dhe refuzon t\u00eb pranoj\u00eb se NATO \u00ebsht\u00eb nj\u00eb aleanc\u00eb mbrojt\u00ebse, tha ajo.<\/p>\n<p>\u201c\u00cbsht\u00eb, n\u00eb fakt, Rusia ajo q\u00eb \u00ebsht\u00eb agresori n\u00eb rastin e Ukrain\u00ebs. Rusia e filloi k\u00ebt\u00eb luft\u00eb n\u00eb Ukrain\u00eb dhe sigurisht q\u00eb mund ta p\u00ebrfundoj\u00eb nes\u00ebr n\u00ebse d\u00ebshiron\u201d.<\/p>\n<p>The post <a rel=\"nofollow\" href=\"https:\/\/albanianpost.com\/ambasadorja-e-shba-ve-ne-nato-thirrje-vendeve-te-ballkanit-perendimor-te-rrisin-shpenzimet-e-mbrojtjes\/\">Ambasadorja e SHBA-ve n\u00eb NATO, thirrje vendeve t\u00eb Ballkanit Per\u00ebndimor t\u00eb rrisin shpenzimet e mbrojtjes<\/a> appeared first on <a rel=\"nofollow\" href=\"https:\/\/albanianpost.com\/\">Albanian Post<\/a>.<\/p>\n","protected":false},"excerpt":{"rendered":"<p>Shtetet e Bashkuara t\u00eb Amerik\u00ebs (SHBA) shpresojn\u00eb q\u00eb deri n\u00eb samitin e ardhsh\u00ebm t\u00eb NATO-s n\u00eb Washington, pothuajse t\u00eb 32 an\u00ebtar\u00ebt e aleanc\u00ebs do t\u00eb p\u00ebrmbushin zotimin e b\u00ebr\u00eb 10 vjet m\u00eb par\u00eb p\u00ebr t\u00eb rritur shpenzimet e mbrojtjes n\u00eb 2 p\u00ebr qind t\u00eb PBB-s\u00eb. K\u00ebshtu deklaroi ambasadorja e SHBA-ve n\u00eb NATO, Julianne Smith, n\u00eb [&hellip;]<\/p>\n","protected":false},"author":1,"featured_media":2929,"comment_status":"open","ping_status":"open","sticky":false,"template":"","format":"standard","meta":{"footnotes":""},"categories":[1],"tags":[],"class_list":["post-2928","post","type-post","status-publish","format-standard","has-post-thumbnail","hentry","category-uncategorized"],"_links":{"self":[{"href":"https:\/\/radiogjilani.com\/index.php\/wp-json\/wp\/v2\/posts\/2928","targetHints":{"allow":["GET"]}}],"collection":[{"href":"https:\/\/radiogjilani.com\/index.php\/wp-json\/wp\/v2\/posts"}],"about":[{"href":"https:\/\/radiogjilani.com\/index.php\/wp-json\/wp\/v2\/types\/post"}],"author":[{"embeddable":true,"href":"https:\/\/radiogjilani.com\/index.php\/wp-json\/wp\/v2\/users\/1"}],"replies":[{"embeddable":true,"href":"https:\/\/radiogjilani.com\/index.php\/wp-json\/wp\/v2\/comments?post=2928"}],"version-history":[{"count":0,"href":"https:\/\/radiogjilani.com\/index.php\/wp-json\/wp\/v2\/posts\/2928\/revisions"}],"wp:featuredmedia":[{"embeddable":true,"href":"https:\/\/radiogjilani.com\/index.php\/wp-json\/wp\/v2\/media\/2929"}],"wp:attachment":[{"href":"https:\/\/radiogjilani.com\/index.php\/wp-json\/wp\/v2\/media?parent=2928"}],"wp:term":[{"taxonomy":"category","embeddable":true,"href":"https:\/\/radiogjilani.com\/index.php\/wp-json\/wp\/v2\/categories?post=2928"},{"taxonomy":"post_tag","embeddable":true,"href":"https:\/\/radiogjilani.com\/index.php\/wp-json\/wp\/v2\/tags?post=2928"}],"curies":[{"name":"wp","href":"https:\/\/api.w.org\/{rel}","templated":true}]}}