{"id":2936,"date":"2024-05-17T22:28:41","date_gmt":"2024-05-17T22:28:41","guid":{"rendered":"https:\/\/radiogjilani.com\/index.php\/2024\/05\/17\/zelensky-nenshkruan-ligjin-qe-lejon-disa-te-denuar-te-sherbejne-ne-ushtri\/"},"modified":"2024-05-17T22:28:41","modified_gmt":"2024-05-17T22:28:41","slug":"zelensky-nenshkruan-ligjin-qe-lejon-disa-te-denuar-te-sherbejne-ne-ushtri","status":"publish","type":"post","link":"https:\/\/radiogjilani.com\/index.php\/2024\/05\/17\/zelensky-nenshkruan-ligjin-qe-lejon-disa-te-denuar-te-sherbejne-ne-ushtri\/","title":{"rendered":"Zelensky n\u00ebnshkruan ligjin q\u00eb lejon disa t\u00eb d\u00ebnuar t\u00eb sh\u00ebrbejn\u00eb n\u00eb ushtri"},"content":{"rendered":"<p>Presidenti ukrainas, Volodymyr Zelensky, n\u00ebnshkroi t\u00eb premten nj\u00eb ligj q\u00eb lejon t\u00eb d\u00ebnuarit \u2013 me p\u00ebrjashtim t\u00eb atyre q\u00eb kan\u00eb kryer krimet m\u00eb t\u00eb r\u00ebnda \u2013 t\u00eb bashkohen me ushtrin\u00eb, sipas raporteve t\u00eb mediave.<\/p>\n<p>Projektligji, i cili u miratua n\u00eb fillim t\u00eb majit nga parlamenti ukrainas, lejon mobilizimin vullnetar t\u00eb t\u00eb d\u00ebnuarve p\u00ebr luft\u00ebn e vendit me Rusin\u00eb, me p\u00ebrjashtim t\u00eb atyre q\u00eb kryen krime t\u00eb r\u00ebnda, duke p\u00ebrfshir\u00eb vrasjen, p\u00ebrdhunimin, terrorizmin, veprat penale t\u00eb drog\u00ebs dhe tradhtin\u00eb.<\/p>\n<p>Deputet\u00ebt dhe zyrtar\u00ebt e lart\u00eb t\u00eb qeveris\u00eb t\u00eb d\u00ebnuar p\u00ebr krime gjithashtu nuk do t\u00eb ken\u00eb t\u00eb drejt\u00eb t\u2019u zbuten d\u00ebnimet p\u00ebr t\u00eb sh\u00ebrbyer n\u00eb ushtri.<\/p>\n<p>Ministri ukrainas i Drejt\u00ebsis\u00eb, Denys Maliuska, parashikoi se ligji i ri do t\u00eb mund\u00ebsoj\u00eb rekrutimin e 10 mij\u00eb deri n\u00eb 20 mij\u00eb t\u00eb d\u00ebnuarve n\u00eb ushtri, duke ndihmuar p\u00ebrpjekjet e luft\u00ebs dhe duke leht\u00ebsuar mbipopullimin n\u00eb burgjet e Ukrain\u00ebs.<\/p>\n<div class=\"ads square\">\n<p>    <a href=\"https:\/\/track.adform.net\/C\/?bn=73199340;C=0\" target=\"_blank\" rel=\"noopener\"><br \/>\n    <img loading=\"lazy\" decoding=\"async\" src=\"https:\/\/track.adform.net\/adfserve\/?bn=73199340;srctype=4;ord=%5Btimestamp%5D\" border=\"0\" width=\"300\" height=\"250\" alt=\"reklama iqos\"><br \/>\n    <\/a><\/p><\/div>\n<p>L\u00ebvizja vjen nd\u00ebrsa betejat e ashpra po zhvillohen n\u00eb rajonin verilindor t\u00eb vendit, Kharkiv.<\/p>\n<p>Trupat ruse thuhet se kan\u00eb pushtuar disa fshatra dhe vendbanime, me presidentin Vladimir Putin q\u00eb k\u00ebrc\u00ebnon ta kthej\u00eb rajonin n\u00eb nj\u00eb zon\u00eb sigurie.<\/p>\n<p>The post <a rel=\"nofollow\" href=\"https:\/\/albanianpost.com\/zelensky-nenshkruan-ligjin-qe-lejon-disa-te-denuar-te-sherbejne-ne-ushtri\/\">Zelensky n\u00ebnshkruan ligjin q\u00eb lejon disa t\u00eb d\u00ebnuar t\u00eb sh\u00ebrbejn\u00eb n\u00eb ushtri<\/a> appeared first on <a rel=\"nofollow\" href=\"https:\/\/albanianpost.com\/\">Albanian Post<\/a>.<\/p>\n","protected":false},"excerpt":{"rendered":"<p>Presidenti ukrainas, Volodymyr Zelensky, n\u00ebnshkroi t\u00eb premten nj\u00eb ligj q\u00eb lejon t\u00eb d\u00ebnuarit \u2013 me p\u00ebrjashtim t\u00eb atyre q\u00eb kan\u00eb kryer krimet m\u00eb t\u00eb r\u00ebnda \u2013 t\u00eb bashkohen me ushtrin\u00eb, sipas raporteve t\u00eb mediave. Projektligji, i cili u miratua n\u00eb fillim t\u00eb majit nga parlamenti ukrainas, lejon mobilizimin vullnetar t\u00eb t\u00eb d\u00ebnuarve p\u00ebr luft\u00ebn e [&hellip;]<\/p>\n","protected":false},"author":1,"featured_media":2937,"comment_status":"open","ping_status":"open","sticky":false,"template":"","format":"standard","meta":{"footnotes":""},"categories":[1],"tags":[],"class_list":["post-2936","post","type-post","status-publish","format-standard","has-post-thumbnail","hentry","category-uncategorized"],"_links":{"self":[{"href":"https:\/\/radiogjilani.com\/index.php\/wp-json\/wp\/v2\/posts\/2936","targetHints":{"allow":["GET"]}}],"collection":[{"href":"https:\/\/radiogjilani.com\/index.php\/wp-json\/wp\/v2\/posts"}],"about":[{"href":"https:\/\/radiogjilani.com\/index.php\/wp-json\/wp\/v2\/types\/post"}],"author":[{"embeddable":true,"href":"https:\/\/radiogjilani.com\/index.php\/wp-json\/wp\/v2\/users\/1"}],"replies":[{"embeddable":true,"href":"https:\/\/radiogjilani.com\/index.php\/wp-json\/wp\/v2\/comments?post=2936"}],"version-history":[{"count":0,"href":"https:\/\/radiogjilani.com\/index.php\/wp-json\/wp\/v2\/posts\/2936\/revisions"}],"wp:featuredmedia":[{"embeddable":true,"href":"https:\/\/radiogjilani.com\/index.php\/wp-json\/wp\/v2\/media\/2937"}],"wp:attachment":[{"href":"https:\/\/radiogjilani.com\/index.php\/wp-json\/wp\/v2\/media?parent=2936"}],"wp:term":[{"taxonomy":"category","embeddable":true,"href":"https:\/\/radiogjilani.com\/index.php\/wp-json\/wp\/v2\/categories?post=2936"},{"taxonomy":"post_tag","embeddable":true,"href":"https:\/\/radiogjilani.com\/index.php\/wp-json\/wp\/v2\/tags?post=2936"}],"curies":[{"name":"wp","href":"https:\/\/api.w.org\/{rel}","templated":true}]}}