{"id":2958,"date":"2024-05-18T23:33:41","date_gmt":"2024-05-18T23:33:41","guid":{"rendered":"https:\/\/radiogjilani.com\/index.php\/2024\/05\/18\/kryetari-i-gjilanit-vizitoi-kryeministrin-nga-radhet-e-bdi-se\/"},"modified":"2024-05-18T23:33:41","modified_gmt":"2024-05-18T23:33:41","slug":"kryetari-i-gjilanit-vizitoi-kryeministrin-nga-radhet-e-bdi-se","status":"publish","type":"post","link":"https:\/\/radiogjilani.com\/index.php\/2024\/05\/18\/kryetari-i-gjilanit-vizitoi-kryeministrin-nga-radhet-e-bdi-se\/","title":{"rendered":"Kryetari i Gjilanit vizitoi Kryeministrin nga radh\u00ebt e BDI-s\u00eb"},"content":{"rendered":"<p>Kryetari i Gjilanit nga radh\u00ebt e Vet\u00ebvendosjes, Alban Hyseni, bashk\u00eb me deputetin e k\u00ebsaj partie, Luan Aliu, kan\u00eb shkuar p\u00ebr vizit\u00eb te Kryeministri i Maqedonis\u00eb s\u00eb Veriut, Talat Xhaferi, i cili vjen BDI. Hyseni tha se pak dit\u00eb para se t\u00eb b\u00ebhej kryeminist\u00ebr, Xhaferi kishte qen\u00eb n\u00eb Gjilan. \u201cBashk\u00eb me deputetin Luan Aliu, drejtorin e DKRS dhe mikun ton\u00eb Ismet Sylejmani, ishim p\u00ebr vizit\u00eb te&#8230;<\/p>\n<p><a href=\"https:\/\/ekonomiaonline.com\/kryetari-i-gjilanit-vizitoi-kryeministrin-nga-radhet-e-bdi-se\/\" rel=\"nofollow\">Source<\/a><\/p>\n","protected":false},"excerpt":{"rendered":"<p>Kryetari i Gjilanit nga radh\u00ebt e Vet\u00ebvendosjes, Alban Hyseni, bashk\u00eb me deputetin e k\u00ebsaj partie, Luan Aliu, kan\u00eb shkuar p\u00ebr vizit\u00eb te Kryeministri i Maqedonis\u00eb s\u00eb Veriut, Talat Xhaferi, i cili vjen BDI. Hyseni tha se pak dit\u00eb para se t\u00eb b\u00ebhej kryeminist\u00ebr, Xhaferi kishte qen\u00eb n\u00eb Gjilan. \u201cBashk\u00eb me deputetin Luan Aliu, drejtorin e [&hellip;]<\/p>\n","protected":false},"author":1,"featured_media":2959,"comment_status":"open","ping_status":"open","sticky":false,"template":"","format":"standard","meta":{"footnotes":""},"categories":[19],"tags":[],"class_list":["post-2958","post","type-post","status-publish","format-standard","has-post-thumbnail","hentry","category-eko"],"_links":{"self":[{"href":"https:\/\/radiogjilani.com\/index.php\/wp-json\/wp\/v2\/posts\/2958","targetHints":{"allow":["GET"]}}],"collection":[{"href":"https:\/\/radiogjilani.com\/index.php\/wp-json\/wp\/v2\/posts"}],"about":[{"href":"https:\/\/radiogjilani.com\/index.php\/wp-json\/wp\/v2\/types\/post"}],"author":[{"embeddable":true,"href":"https:\/\/radiogjilani.com\/index.php\/wp-json\/wp\/v2\/users\/1"}],"replies":[{"embeddable":true,"href":"https:\/\/radiogjilani.com\/index.php\/wp-json\/wp\/v2\/comments?post=2958"}],"version-history":[{"count":0,"href":"https:\/\/radiogjilani.com\/index.php\/wp-json\/wp\/v2\/posts\/2958\/revisions"}],"wp:featuredmedia":[{"embeddable":true,"href":"https:\/\/radiogjilani.com\/index.php\/wp-json\/wp\/v2\/media\/2959"}],"wp:attachment":[{"href":"https:\/\/radiogjilani.com\/index.php\/wp-json\/wp\/v2\/media?parent=2958"}],"wp:term":[{"taxonomy":"category","embeddable":true,"href":"https:\/\/radiogjilani.com\/index.php\/wp-json\/wp\/v2\/categories?post=2958"},{"taxonomy":"post_tag","embeddable":true,"href":"https:\/\/radiogjilani.com\/index.php\/wp-json\/wp\/v2\/tags?post=2958"}],"curies":[{"name":"wp","href":"https:\/\/api.w.org\/{rel}","templated":true}]}}