{"id":2972,"date":"2024-05-18T23:34:04","date_gmt":"2024-05-18T23:34:04","guid":{"rendered":"https:\/\/radiogjilani.com\/index.php\/2024\/05\/18\/gantz-kerkojme-nje-plan-per-gazen-deri-me-8-qershor-ose-do-te-largohemi-nga-qeveria\/"},"modified":"2024-05-18T23:34:04","modified_gmt":"2024-05-18T23:34:04","slug":"gantz-kerkojme-nje-plan-per-gazen-deri-me-8-qershor-ose-do-te-largohemi-nga-qeveria","status":"publish","type":"post","link":"https:\/\/radiogjilani.com\/index.php\/2024\/05\/18\/gantz-kerkojme-nje-plan-per-gazen-deri-me-8-qershor-ose-do-te-largohemi-nga-qeveria\/","title":{"rendered":"Gantz: K\u00ebrkojm\u00eb nj\u00eb plan p\u00ebr Gaz\u00ebn deri m\u00eb 8 qershor ose do t\u00eb largohemi nga qeveria"},"content":{"rendered":"<p>\u201cKabineti i luft\u00ebs duhet t\u00eb p\u00ebrgatis\u00eb nj\u00eb plan veprimi p\u00ebr luft\u00ebn deri m\u00eb 8 qershor\u201d.<\/p>\n<p>\u00cbsht\u00eb ky ultimatumi i ministrit t\u00eb Kabinetit t\u00eb Luft\u00ebs, Beny Gantz.<\/p>\n<p>Ministri duke iu drejtuar kryeministrit Benjamin Netanyahu, shtoi se ai duhet t\u00eb b\u00ebj\u00eb nj\u00eb zgjedhje.<\/p>\n<p>\u201cJu duhet t\u00eb zgjidhni, n\u00ebse nuk zgjidhni do t\u00eb largohemi nga qeveria\u201d.<\/p>\n<div class=\"ads square\">\n<p>    <a href=\"https:\/\/track.adform.net\/C\/?bn=73199340;C=0\" target=\"_blank\" rel=\"noopener\"><br \/>\n    <img loading=\"lazy\" decoding=\"async\" src=\"https:\/\/track.adform.net\/adfserve\/?bn=73199340;srctype=4;ord=%5Btimestamp%5D\" border=\"0\" width=\"300\" height=\"250\" alt=\"reklama iqos\"><br \/>\n    <\/a><\/p><\/div>\n<p>Nd\u00ebrkaq Netanyahu i cil\u00ebsoi \u201cfjal\u00ebt e kota nga Gantz, t\u00eb cilat n\u00ebnkuptojn\u00eb humbjen ton\u00eb\u201d.<\/p>\n<p>Konferenca e Gantz erdhi vet\u00ebm disa or\u00eb pasi Forcat e Mbrojtjes s\u00eb Izraelit than\u00eb se kishte rikuperuar trupin e nj\u00eb peng tjet\u00ebr, Ron Benjamin, 53 vje\u00e7, i cili kishte marr\u00eb n\u00eb nj\u00eb udh\u00ebtim af\u00ebr kufirit me Gaz\u00ebn kur Hamasi nisi sulmin e tij t\u00eb p\u00ebrgjaksh\u00ebm n\u00eb 7 tetor.<\/p>\n<p>Trupi i tij u gjet s\u00eb bashku me tre pengje t\u00eb tjer\u00eb \u2013 Itzik Gelernter, Shani Louk dhe Amit Buskila \u2013 eshtrat e t\u00eb cilave u gjet\u00ebn t\u00eb premten.<\/p>\n<p>\u201cKonsideratat personale dhe politike kan\u00eb filluar t\u00eb hyjn\u00eb n\u00eb pjes\u00ebt m\u00eb t\u00eb shenjta t\u00eb mbrojtjes s\u00eb Izraelit,\u201d u tha Gantz gazetar\u00ebve.<\/p>\n<p>\u201cKryeministri Netanyahu, un\u00eb ju shikoj n\u00eb sy sonte dhe ju them: Zgjedhja \u00ebsht\u00eb n\u00eb duart tuaja\u201d.<\/p>\n<p>\u201cNetanyahu e nj\u00eb dekade m\u00eb par\u00eb do t\u00eb kishte b\u00ebr\u00eb gj\u00ebn\u00eb e duhur. A jeni i gatsh\u00ebm t\u00eb b\u00ebni gj\u00ebn\u00eb e duhur dhe patriotike sot? Njer\u00ebzit e Izraelit po ju shikojn\u00eb\u201d, shtoi ai.<\/p>\n<p>\u201cJu duhet t\u00eb zgjidhni midis Sionizmit dhe cinizmit, midis unitetit dhe fraksionalizmit, midis p\u00ebrgjegj\u00ebsis\u00eb dhe paligjshm\u00ebris\u00eb \u2013 dhe midis fitores dhe katastrof\u00ebs\u201d.<\/p>\n<p>The post <a rel=\"nofollow\" href=\"https:\/\/albanianpost.com\/gantz-kerkojme-nje-plan-per-gazen-deri-me-8-qershor-ose-do-te-largohemi-nga-qeveria\/\">Gantz: K\u00ebrkojm\u00eb nj\u00eb plan p\u00ebr Gaz\u00ebn deri m\u00eb 8 qershor ose do t\u00eb largohemi nga qeveria<\/a> appeared first on <a rel=\"nofollow\" href=\"https:\/\/albanianpost.com\/\">Albanian Post<\/a>.<\/p>\n","protected":false},"excerpt":{"rendered":"<p>\u201cKabineti i luft\u00ebs duhet t\u00eb p\u00ebrgatis\u00eb nj\u00eb plan veprimi p\u00ebr luft\u00ebn deri m\u00eb 8 qershor\u201d. \u00cbsht\u00eb ky ultimatumi i ministrit t\u00eb Kabinetit t\u00eb Luft\u00ebs, Beny Gantz. Ministri duke iu drejtuar kryeministrit Benjamin Netanyahu, shtoi se ai duhet t\u00eb b\u00ebj\u00eb nj\u00eb zgjedhje. \u201cJu duhet t\u00eb zgjidhni, n\u00ebse nuk zgjidhni do t\u00eb largohemi nga qeveria\u201d. Nd\u00ebrkaq Netanyahu [&hellip;]<\/p>\n","protected":false},"author":1,"featured_media":2973,"comment_status":"open","ping_status":"open","sticky":false,"template":"","format":"standard","meta":{"footnotes":""},"categories":[1],"tags":[],"class_list":["post-2972","post","type-post","status-publish","format-standard","has-post-thumbnail","hentry","category-uncategorized"],"_links":{"self":[{"href":"https:\/\/radiogjilani.com\/index.php\/wp-json\/wp\/v2\/posts\/2972","targetHints":{"allow":["GET"]}}],"collection":[{"href":"https:\/\/radiogjilani.com\/index.php\/wp-json\/wp\/v2\/posts"}],"about":[{"href":"https:\/\/radiogjilani.com\/index.php\/wp-json\/wp\/v2\/types\/post"}],"author":[{"embeddable":true,"href":"https:\/\/radiogjilani.com\/index.php\/wp-json\/wp\/v2\/users\/1"}],"replies":[{"embeddable":true,"href":"https:\/\/radiogjilani.com\/index.php\/wp-json\/wp\/v2\/comments?post=2972"}],"version-history":[{"count":0,"href":"https:\/\/radiogjilani.com\/index.php\/wp-json\/wp\/v2\/posts\/2972\/revisions"}],"wp:featuredmedia":[{"embeddable":true,"href":"https:\/\/radiogjilani.com\/index.php\/wp-json\/wp\/v2\/media\/2973"}],"wp:attachment":[{"href":"https:\/\/radiogjilani.com\/index.php\/wp-json\/wp\/v2\/media?parent=2972"}],"wp:term":[{"taxonomy":"category","embeddable":true,"href":"https:\/\/radiogjilani.com\/index.php\/wp-json\/wp\/v2\/categories?post=2972"},{"taxonomy":"post_tag","embeddable":true,"href":"https:\/\/radiogjilani.com\/index.php\/wp-json\/wp\/v2\/tags?post=2972"}],"curies":[{"name":"wp","href":"https:\/\/api.w.org\/{rel}","templated":true}]}}