{"id":2978,"date":"2024-05-18T23:34:01","date_gmt":"2024-05-18T23:34:01","guid":{"rendered":"https:\/\/radiogjilani.com\/index.php\/2024\/05\/18\/izraeli-merr-trupin-e-ron-binyamin-nga-gaza\/"},"modified":"2024-05-18T23:34:01","modified_gmt":"2024-05-18T23:34:01","slug":"izraeli-merr-trupin-e-ron-binyamin-nga-gaza","status":"publish","type":"post","link":"https:\/\/radiogjilani.com\/index.php\/2024\/05\/18\/izraeli-merr-trupin-e-ron-binyamin-nga-gaza\/","title":{"rendered":"Izraeli merr trupin e Ron Binyamin nga Gaza"},"content":{"rendered":"<p>Forcat e Mbrojtjes t\u00eb Izraelit njoftuan t\u00eb shtun\u00ebn mbr\u00ebma se trupi i Ron Binyamin u kthye n\u00eb Izrael pas marrjes peng nga Hamasi m\u00eb 7 tetor.<\/p>\n<p>Binyamin, 53, \u201cburri i Ayelet dhe babai i Shai dhe Gil, ishte nj\u00eb familjar q\u00eb i p\u00eblqente \u00e7iklizmi dhe dilte \u00e7do <em>Shabbat<\/em> p\u00ebr nj\u00eb udh\u00ebtim \u2013 duke p\u00ebrfshir\u00eb t\u00eb Shtun\u00ebn e Zez\u00eb kur ai u rr\u00ebmbye nga zona e Kibbutz Be\u2019eri.<\/p>\n<p>K\u00ebshtu tha Forumi i Pengjeve dhe Familjeve t\u00eb Zhdukura n\u00eb nj\u00eb deklarat\u00eb.<\/p>\n<p>Forumi shtoi se \u201c128 pengje kan\u00eb pritur t\u00eb shp\u00ebtohen dhe t\u00eb kthehen n\u00eb Izrael p\u00ebr 225 dit\u00eb dhe net\u00eb t\u00eb gjata\u201d.<\/p>\n<div class=\"ads square\">\n<p>    <a href=\"https:\/\/track.adform.net\/C\/?bn=73199340;C=0\" target=\"_blank\" rel=\"noopener\"><br \/>\n    <img loading=\"lazy\" decoding=\"async\" src=\"https:\/\/track.adform.net\/adfserve\/?bn=73199340;srctype=4;ord=%5Btimestamp%5D\" border=\"0\" width=\"300\" height=\"250\" alt=\"reklama iqos\"><br \/>\n    <\/a><\/p><\/div>\n<p>\u201cQeveria izraelite duhet t\u00eb p\u00ebrqendrohet n\u00eb t\u00eb vetmen detyr\u00eb q\u00eb ka r\u00ebnd\u00ebsi. D\u00ebrgoni ekipet negociuese sonte, luftoni q\u00eb t\u00eb gjall\u00ebt t\u00eb rehabilitohen dhe p\u00ebr t\u00eb vrar\u00ebt nj\u00eb varrim dinjitoz, si\u00e7 u mund\u00ebsua p\u00ebr Ron Binyamin sonte\u201d.<\/p>\n<p>The post <a rel=\"nofollow\" href=\"https:\/\/albanianpost.com\/izraeli-merr-trupin-e-ron-binyamin-nga-gaza\/\">Izraeli merr trupin e Ron Binyamin nga Gaza<\/a> appeared first on <a rel=\"nofollow\" href=\"https:\/\/albanianpost.com\/\">Albanian Post<\/a>.<\/p>\n","protected":false},"excerpt":{"rendered":"<p>Forcat e Mbrojtjes t\u00eb Izraelit njoftuan t\u00eb shtun\u00ebn mbr\u00ebma se trupi i Ron Binyamin u kthye n\u00eb Izrael pas marrjes peng nga Hamasi m\u00eb 7 tetor. Binyamin, 53, \u201cburri i Ayelet dhe babai i Shai dhe Gil, ishte nj\u00eb familjar q\u00eb i p\u00eblqente \u00e7iklizmi dhe dilte \u00e7do Shabbat p\u00ebr nj\u00eb udh\u00ebtim \u2013 duke p\u00ebrfshir\u00eb t\u00eb [&hellip;]<\/p>\n","protected":false},"author":1,"featured_media":2979,"comment_status":"open","ping_status":"open","sticky":false,"template":"","format":"standard","meta":{"footnotes":""},"categories":[1],"tags":[],"class_list":["post-2978","post","type-post","status-publish","format-standard","has-post-thumbnail","hentry","category-uncategorized"],"_links":{"self":[{"href":"https:\/\/radiogjilani.com\/index.php\/wp-json\/wp\/v2\/posts\/2978","targetHints":{"allow":["GET"]}}],"collection":[{"href":"https:\/\/radiogjilani.com\/index.php\/wp-json\/wp\/v2\/posts"}],"about":[{"href":"https:\/\/radiogjilani.com\/index.php\/wp-json\/wp\/v2\/types\/post"}],"author":[{"embeddable":true,"href":"https:\/\/radiogjilani.com\/index.php\/wp-json\/wp\/v2\/users\/1"}],"replies":[{"embeddable":true,"href":"https:\/\/radiogjilani.com\/index.php\/wp-json\/wp\/v2\/comments?post=2978"}],"version-history":[{"count":0,"href":"https:\/\/radiogjilani.com\/index.php\/wp-json\/wp\/v2\/posts\/2978\/revisions"}],"wp:featuredmedia":[{"embeddable":true,"href":"https:\/\/radiogjilani.com\/index.php\/wp-json\/wp\/v2\/media\/2979"}],"wp:attachment":[{"href":"https:\/\/radiogjilani.com\/index.php\/wp-json\/wp\/v2\/media?parent=2978"}],"wp:term":[{"taxonomy":"category","embeddable":true,"href":"https:\/\/radiogjilani.com\/index.php\/wp-json\/wp\/v2\/categories?post=2978"},{"taxonomy":"post_tag","embeddable":true,"href":"https:\/\/radiogjilani.com\/index.php\/wp-json\/wp\/v2\/tags?post=2978"}],"curies":[{"name":"wp","href":"https:\/\/api.w.org\/{rel}","templated":true}]}}