{"id":2992,"date":"2024-05-18T23:34:43","date_gmt":"2024-05-18T23:34:43","guid":{"rendered":"https:\/\/radiogjilani.com\/index.php\/2024\/05\/18\/a-do-ti-leshoj-vendin-e-punes-arbanes-apo-jo-jonida-tregon-me-postimin-e-fundit\/"},"modified":"2024-05-18T23:34:43","modified_gmt":"2024-05-18T23:34:43","slug":"a-do-ti-leshoj-vendin-e-punes-arbanes-apo-jo-jonida-tregon-me-postimin-e-fundit","status":"publish","type":"post","link":"https:\/\/radiogjilani.com\/index.php\/2024\/05\/18\/a-do-ti-leshoj-vendin-e-punes-arbanes-apo-jo-jonida-tregon-me-postimin-e-fundit\/","title":{"rendered":"A do t\u2019i l\u00ebshoj vendin e pun\u00ebs Arban\u00ebs apo jo? Jonida tregon me postimin e fundit"},"content":{"rendered":"<p><strong>K\u00ebng\u00ebtari Egzon Pireci ka lansuar projektin e tij t\u00eb radh\u00ebs.<\/strong><\/p>\n<p>K\u00ebnga mban titullin \u201cP\u00ebr ty jam betu\u201d dhe i referohet \u00e7ifteve t\u00eb martuara.<\/p>\n<\/p>\n<ul class=\"op-related-articles\" title=\"Showtime\">\n<li><a href=\"https:\/\/gazetablic.com\/linda-halimi-cdo-mengjes-i-them-vetes-me-sa-pale-mend-e-lashe-vajzen-dhe-u-futa-ne-big-brother\/\"><\/a><\/li>\n<li><a href=\"https:\/\/gazetablic.com\/genc-prelvukaj-poston-foto-nga-matura-e-te-birit-nuk-mungon-as-eni\/\"><\/a><\/li>\n<li><a href=\"https:\/\/gazetablic.com\/kengetari-egzon-pireci-publikon-kengen-e-re\/\"><\/a><\/li>\n<\/ul>\n<p>The post <a rel=\"nofollow\" href=\"https:\/\/gazetablic.com\/kengetari-egzon-pireci-publikon-kengen-e-re\/\">K\u00ebng\u00ebtari Egzon Pireci publikon k\u00ebng\u00ebn e re<\/a> appeared first on <a rel=\"nofollow\" href=\"https:\/\/gazetablic.com\/\">GazetaBlic<\/a>.<\/p>\n","protected":false},"excerpt":{"rendered":"<p>K\u00ebng\u00ebtari Egzon Pireci ka lansuar projektin e tij t\u00eb radh\u00ebs. K\u00ebnga mban titullin \u201cP\u00ebr ty jam betu\u201d dhe i referohet \u00e7ifteve t\u00eb martuara. The post K\u00ebng\u00ebtari Egzon Pireci publikon k\u00ebng\u00ebn e re appeared first on GazetaBlic.<\/p>\n","protected":false},"author":1,"featured_media":2993,"comment_status":"open","ping_status":"open","sticky":false,"template":"","format":"standard","meta":{"footnotes":""},"categories":[22],"tags":[],"class_list":["post-2992","post","type-post","status-publish","format-standard","has-post-thumbnail","hentry","category-showbiz"],"_links":{"self":[{"href":"https:\/\/radiogjilani.com\/index.php\/wp-json\/wp\/v2\/posts\/2992","targetHints":{"allow":["GET"]}}],"collection":[{"href":"https:\/\/radiogjilani.com\/index.php\/wp-json\/wp\/v2\/posts"}],"about":[{"href":"https:\/\/radiogjilani.com\/index.php\/wp-json\/wp\/v2\/types\/post"}],"author":[{"embeddable":true,"href":"https:\/\/radiogjilani.com\/index.php\/wp-json\/wp\/v2\/users\/1"}],"replies":[{"embeddable":true,"href":"https:\/\/radiogjilani.com\/index.php\/wp-json\/wp\/v2\/comments?post=2992"}],"version-history":[{"count":0,"href":"https:\/\/radiogjilani.com\/index.php\/wp-json\/wp\/v2\/posts\/2992\/revisions"}],"wp:featuredmedia":[{"embeddable":true,"href":"https:\/\/radiogjilani.com\/index.php\/wp-json\/wp\/v2\/media\/2993"}],"wp:attachment":[{"href":"https:\/\/radiogjilani.com\/index.php\/wp-json\/wp\/v2\/media?parent=2992"}],"wp:term":[{"taxonomy":"category","embeddable":true,"href":"https:\/\/radiogjilani.com\/index.php\/wp-json\/wp\/v2\/categories?post=2992"},{"taxonomy":"post_tag","embeddable":true,"href":"https:\/\/radiogjilani.com\/index.php\/wp-json\/wp\/v2\/tags?post=2992"}],"curies":[{"name":"wp","href":"https:\/\/api.w.org\/{rel}","templated":true}]}}