{"id":3054,"date":"2024-05-20T00:29:33","date_gmt":"2024-05-20T00:29:33","guid":{"rendered":"https:\/\/radiogjilani.com\/index.php\/2024\/05\/20\/dua-lipa-ne-top-10-e-me-te-pasurve-ne-britanine-e-madhe-nen-moshen-40-vjecare\/"},"modified":"2024-05-20T00:29:33","modified_gmt":"2024-05-20T00:29:33","slug":"dua-lipa-ne-top-10-e-me-te-pasurve-ne-britanine-e-madhe-nen-moshen-40-vjecare","status":"publish","type":"post","link":"https:\/\/radiogjilani.com\/index.php\/2024\/05\/20\/dua-lipa-ne-top-10-e-me-te-pasurve-ne-britanine-e-madhe-nen-moshen-40-vjecare\/","title":{"rendered":"Dua Lipa n\u00eb top 10 e m\u00eb t\u00eb pasurve n\u00eb Britanin\u00eb e Madhe n\u00ebn mosh\u00ebn 40-vje\u00e7are"},"content":{"rendered":"<p><strong>K\u00ebng\u00ebtarja Linda Halimi n\u00eb nj\u00eb intervist\u00eb ka folur hapur p\u00ebr q\u00ebndrimin n\u00eb Big Brother VIP Kosova.<\/strong><\/p>\n<p>\u201cBurri dhe vajza ishin k\u00ebnaqur, kishin shkuar n\u00eb DisneyWorld, kishin shkuar n\u00eb Zvic\u00ebr te familja, dhe madje edhe n\u00eb vende q\u00eb un\u00eb s\u2019kam shkuar me ta, ata kishin shkuar vet, dhe kishin kaluar shum\u00eb mir\u00eb shyqyr\u201d, tregon Linda.<\/p>\n<p>Megjithat\u00eb, ndjesia e faj\u00ebsis\u00eb paraqitet t\u00eb jet\u00eb nj\u00eb luft\u00eb e brendshme p\u00ebr k\u00ebng\u00ebtaren.<\/p>\n<p>\u201cPor un\u00eb ende edhe sot, \u00e7do m\u00ebngjes them \u2018o Zot qysh pata mund\u00ebsin\u00eb, me sa pal\u00eb mend n\u00eb kok\u00eb e kam l\u00ebn\u00eb vajz\u00ebn vet, nuk \u00ebsht\u00eb e mundur\u2019,\u201d pohon ajo.<\/p>\n<ul class=\"op-related-articles\" title=\"Showtime\">\n<li><a href=\"https:\/\/gazetablic.com\/dua-lipa-ne-top-10-e-me-te-pasurve-ne-britanine-e-madhe-nen-moshen-40-vjecare\/\"><\/a><\/li>\n<li><a href=\"https:\/\/gazetablic.com\/edhe-meritoni-ne-finale-per-here-te-pare-nje-banor-nga-kosova-finalist-ne-big-brother-vip-albania\/\"><\/a><\/li>\n<li><a href=\"https:\/\/gazetablic.com\/linda-halimi-cdo-mengjes-i-them-vetes-me-sa-pale-mend-e-lashe-vajzen-dhe-u-futa-ne-big-brother\/\"><\/a><\/li>\n<\/ul>\n<p>The post <a rel=\"nofollow\" href=\"https:\/\/gazetablic.com\/linda-halimi-cdo-mengjes-i-them-vetes-me-sa-pale-mend-e-lashe-vajzen-dhe-u-futa-ne-big-brother\/\">Linda Halimi: \u00c7do m\u00ebngjes i them vetes, me sa pal\u00eb mend e lash\u00eb vajz\u00ebn dhe u futa n\u00eb Big Brother<\/a> appeared first on <a rel=\"nofollow\" href=\"https:\/\/gazetablic.com\/\">GazetaBlic<\/a>.<\/p>\n","protected":false},"excerpt":{"rendered":"<p>K\u00ebng\u00ebtarja Linda Halimi n\u00eb nj\u00eb intervist\u00eb ka folur hapur p\u00ebr q\u00ebndrimin n\u00eb Big Brother VIP Kosova. \u201cBurri dhe vajza ishin k\u00ebnaqur, kishin shkuar n\u00eb DisneyWorld, kishin shkuar n\u00eb Zvic\u00ebr te familja, dhe madje edhe n\u00eb vende q\u00eb un\u00eb s\u2019kam shkuar me ta, ata kishin shkuar vet, dhe kishin kaluar shum\u00eb mir\u00eb shyqyr\u201d, tregon Linda. Megjithat\u00eb, [&hellip;]<\/p>\n","protected":false},"author":1,"featured_media":3055,"comment_status":"open","ping_status":"open","sticky":false,"template":"","format":"standard","meta":{"footnotes":""},"categories":[22],"tags":[],"class_list":["post-3054","post","type-post","status-publish","format-standard","has-post-thumbnail","hentry","category-showbiz"],"_links":{"self":[{"href":"https:\/\/radiogjilani.com\/index.php\/wp-json\/wp\/v2\/posts\/3054","targetHints":{"allow":["GET"]}}],"collection":[{"href":"https:\/\/radiogjilani.com\/index.php\/wp-json\/wp\/v2\/posts"}],"about":[{"href":"https:\/\/radiogjilani.com\/index.php\/wp-json\/wp\/v2\/types\/post"}],"author":[{"embeddable":true,"href":"https:\/\/radiogjilani.com\/index.php\/wp-json\/wp\/v2\/users\/1"}],"replies":[{"embeddable":true,"href":"https:\/\/radiogjilani.com\/index.php\/wp-json\/wp\/v2\/comments?post=3054"}],"version-history":[{"count":0,"href":"https:\/\/radiogjilani.com\/index.php\/wp-json\/wp\/v2\/posts\/3054\/revisions"}],"wp:featuredmedia":[{"embeddable":true,"href":"https:\/\/radiogjilani.com\/index.php\/wp-json\/wp\/v2\/media\/3055"}],"wp:attachment":[{"href":"https:\/\/radiogjilani.com\/index.php\/wp-json\/wp\/v2\/media?parent=3054"}],"wp:term":[{"taxonomy":"category","embeddable":true,"href":"https:\/\/radiogjilani.com\/index.php\/wp-json\/wp\/v2\/categories?post=3054"},{"taxonomy":"post_tag","embeddable":true,"href":"https:\/\/radiogjilani.com\/index.php\/wp-json\/wp\/v2\/tags?post=3054"}],"curies":[{"name":"wp","href":"https:\/\/api.w.org\/{rel}","templated":true}]}}