{"id":3114,"date":"2024-05-21T01:23:27","date_gmt":"2024-05-21T01:23:27","guid":{"rendered":"https:\/\/radiogjilani.com\/index.php\/2024\/05\/21\/mosanetaresimi-ne-kie-kurti-sflet-per-deshtimet-sidomos-nese-smund-ti-fajesoje-rivalet-politike\/"},"modified":"2024-05-21T01:23:27","modified_gmt":"2024-05-21T01:23:27","slug":"mosanetaresimi-ne-kie-kurti-sflet-per-deshtimet-sidomos-nese-smund-ti-fajesoje-rivalet-politike","status":"publish","type":"post","link":"https:\/\/radiogjilani.com\/index.php\/2024\/05\/21\/mosanetaresimi-ne-kie-kurti-sflet-per-deshtimet-sidomos-nese-smund-ti-fajesoje-rivalet-politike\/","title":{"rendered":"Mosan\u00ebtar\u00ebsimi n\u00eb KiE: Kurti s\u2019flet p\u00ebr d\u00ebshtimet \u2013 sidomos n\u00ebse s\u2019mund t\u2019i faj\u00ebsoj\u00eb rival\u00ebt politik\u00eb"},"content":{"rendered":"<p>Tri dit\u00eb pas d\u00ebshtimit t\u00eb Kosov\u00ebs p\u00ebr t\u2019u an\u00ebtar\u00ebsuar n\u00eb K\u00ebshillin Evrop\u00ebs, meq\u00eb Komiteti i Ministrave t\u00eb KiE-s\u00eb m\u00eb 17 maj nuk e ka shqyrtuar fare an\u00ebtar\u00ebsimin e Kosov\u00ebs n\u00eb k\u00ebt\u00eb organizat\u00eb, kryeministri Albin Kurti, ende nuk e ka th\u00ebn\u00eb asnj\u00eb fjal\u00eb.<\/p>\n<p>P\u00ebr njoh\u00ebsit e \u00e7\u00ebshtjeve politike, Shkodran Ramadanin dhe Fidan Ukajn, d\u00ebshtimi \u201ci faturohet Kurtit\u201d, pasi ky i fundit nuk ka pranuar ta d\u00ebrgoj draft-statutin e Asociacionit t\u00eb Komunave me Shumic\u00eb Serbe n\u00eb Gjykat\u00ebn Kushtetuese duke cil\u00ebsuar k\u00ebrkes\u00ebn e Franc\u00ebs Gjermanis\u00eb dhe Italis\u00eb si \u201cabsurde\u201d.<\/p>\n<p>Ramadani, n\u00eb nj\u00eb bised\u00eb p\u00ebr Albanian Post ka th\u00ebn\u00eb se Kurti e ka t\u00eb v\u00ebshtir\u00eb t\u00eb flas p\u00ebr d\u00ebshtime, por sipas tij, \u201cheshtja nuk mund ta minimizoj\u00eb d\u00ebmin\u201d.<\/p>\n<p>\u201cArsyeja \u00ebsht\u00eb nj\u00eb dhe e vetme: p\u00ebr d\u00ebshtime \u00ebsht\u00eb v\u00ebshtir\u00eb t\u00eb flas\u00ebsh. Sidomos n\u00ebse nuk mund t\u2019i faj\u00ebsosh rival\u00ebt politik\u00eb p\u00ebr d\u00ebshtim. Prandaj heshtja \u00ebsht\u00eb m\u00eb e leht\u00eb dhe mbase rruga e duhur nga perspektiva e tij.<\/p>\n<div class=\"ads square\">\n<p>    <a href=\"https:\/\/track.adform.net\/C\/?bn=73199340;C=0\" target=\"_blank\" rel=\"noopener\"><br \/>\n    <img loading=\"lazy\" decoding=\"async\" src=\"https:\/\/track.adform.net\/adfserve\/?bn=73199340;srctype=4;ord=%5Btimestamp%5D\" border=\"0\" width=\"300\" height=\"250\" alt=\"reklama iqos\"><br \/>\n    <\/a><\/p><\/div>\n<p>P\u00ebr studiuesin dhe sociologu kosovar mbase heshtja n\u00eb ndonj\u00eb rast mund ta minimizoj\u00eb d\u00ebmin, por nuk e b\u00ebn d\u00ebshtimin m\u00eb t\u00eb vog\u00ebl e as Kosov\u00ebn m\u00eb t\u00eb suksesshme.<\/p>\n<p>\u201cP\u00ebr d\u00ebshtime \u00ebsht\u00eb m\u00eb e v\u00ebshtir\u00eb t\u00eb flas\u00ebsh, sidomos p\u00ebr pushtetar\u00ebt arrogant\u00eb q\u00eb refuzojn\u00eb t\u00eb marrin p\u00ebrgjegj\u00ebsi\u201d, ka vler\u00ebsuar Ramadani.<\/p>\n<p>Nd\u00ebrkaq n\u00eb syt\u00eb analistit dhe njoh\u00ebsit t\u00eb zhvillimeve politike e Fidan Ukajt, kryeministri Kurti pas d\u00ebshtimit p\u00ebr an\u00ebtar\u00ebsim t\u00eb Kosov\u00ebs n\u00eb KiE, po mundohet t\u00eb gjej\u00eb fajtor duke e arsyetuar d\u00ebshtimin e tij.<\/p>\n<p>\u201cVet\u00ebm veten nuk do ta mbaj\u00eb fajtor p\u00ebr k\u00ebt\u00eb d\u00ebshtim, edhe pse fajtori kryesor mendoj se \u00ebsht\u00eb pik\u00ebrisht Albin Kurti, meq\u00eb e ka pranuar formimin e Asociacionit t\u00eb Komunave me Shumic\u00eb Serbe\u201d, potencon Ukaj p\u00ebr AP.<\/p>\n<p>Ukaj thot\u00eb se Kurti \u201cpo kalkulon politikisht\u201d e duke e d\u00ebmtuar Kosov\u00ebn n\u00eb rrug\u00ebn e saj drejt KiE-s\u00eb, vet\u00ebm p\u00ebr t\u00eb mbetur si premtimin elektoral se nuk e ka themeluar Asociacionin.<\/p>\n<p>\u201cKy premtim mendoj se do t\u00eb mbes deri n\u00eb mandatin e ardhsh\u00ebm pas zgjedhjeve nacionale, q\u00eb sipas gjitha gjasave do jen\u00eb t\u00eb parakohshme e me gjas\u00eb VV-ja do t\u00eb jet\u00eb prap\u00eb parti e par\u00eb edhe parti qeveris\u00ebse\u201d.<\/p>\n<p>\u201cM\u00eb pastaj do t\u00eb shohim se zot\u00ebri Kurti do ta d\u00ebrgoj p\u00ebr interpretim nj\u00ebrin nga draftet e Asociacionit n\u00eb Gjykat\u00ebn Kushtetuese me \u00e7ka do t\u00eb jet\u00eb edhe themelues dhe implementues i k\u00ebtij mekanizimi\u201d, ka n\u00ebnvizuar ai.<\/p>\n<p>Ndryshe, arsyeja pse Kosova nuk hyri n\u00eb agjend\u00ebn e seanc\u00ebs s\u00eb radh\u00ebs s\u00eb Komitetit t\u00eb Ministrave t\u00eb K\u00ebshillit t\u00eb Evrop\u00ebs, ku do t\u00eb votohej pro apo kund\u00ebr an\u00ebtar\u00ebsimit t\u00eb Kosov\u00ebs n\u00eb k\u00ebt\u00eb organizat\u00eb nd\u00ebrkomb\u00ebtare, ishte kusht\u00ebzimi q\u00eb Gjermania dhe Franca dhe Italia i b\u00ebn\u00eb Kosov\u00ebs.<\/p>\n<p>K\u00ebto tri shtete i k\u00ebrkuan Kosov\u00ebs hapa konkret n\u00eb raport me Asociacionin \u2013 t\u00eb pakt\u00ebn d\u00ebrgimin e draft-statutit t\u00eb k\u00ebtij mekanizmi n\u00eb Gjykat\u00ebn Kushtetuese p\u00ebr shqyrtim, por\u00a0Kosova refuzoi t\u00eb b\u00ebj\u00eb nj\u00eb gj\u00eb t\u00eb till\u00eb.<\/p>\n<p>Autoritetet kosovare argumentuan se Berlini e Parisi kan\u00eb ngat\u00ebrruar dy procese t\u00eb pavarura, pra procesin e dialogut dhe procesin e an\u00ebtar\u00ebsimit n\u00eb K\u00ebshillin e Evrop\u00ebs, sipas tyre ky kusht i ri \u201cnuk p\u00ebrkon aspak me vlerat dhe parimet e K\u00ebshillit t\u00eb Evrop\u00ebs\u201d.<\/p>\n<p>Pak dit\u00eb pasi Kosova mbeti jasht\u00eb agjend\u00ebs Qeveria e Kosov\u00ebs, njoftoi se ka vendosur ta d\u00ebrgoj\u00eb nj\u00eb draft-statut p\u00ebr Asociacionin n\u00eb Kushtetuese brenda majit.<\/p>\n<p>The post <a rel=\"nofollow\" href=\"https:\/\/albanianpost.com\/mosanetaresimi-ne-kie-kurti-sflet-per-deshtimet-sidomos-nese-smund-ti-fajesoje-rivalet-politike\/\">Mosan\u00ebtar\u00ebsimi n\u00eb KiE: Kurti s\u2019flet p\u00ebr d\u00ebshtimet \u2013 sidomos n\u00ebse s\u2019mund t\u2019i faj\u00ebsoj\u00eb rival\u00ebt politik\u00eb<\/a> appeared first on <a rel=\"nofollow\" href=\"https:\/\/albanianpost.com\/\">Albanian Post<\/a>.<\/p>\n","protected":false},"excerpt":{"rendered":"<p>Tri dit\u00eb pas d\u00ebshtimit t\u00eb Kosov\u00ebs p\u00ebr t\u2019u an\u00ebtar\u00ebsuar n\u00eb K\u00ebshillin Evrop\u00ebs, meq\u00eb Komiteti i Ministrave t\u00eb KiE-s\u00eb m\u00eb 17 maj nuk e ka shqyrtuar fare an\u00ebtar\u00ebsimin e Kosov\u00ebs n\u00eb k\u00ebt\u00eb organizat\u00eb, kryeministri Albin Kurti, ende nuk e ka th\u00ebn\u00eb asnj\u00eb fjal\u00eb. P\u00ebr njoh\u00ebsit e \u00e7\u00ebshtjeve politike, Shkodran Ramadanin dhe Fidan Ukajn, d\u00ebshtimi \u201ci faturohet [&hellip;]<\/p>\n","protected":false},"author":1,"featured_media":3115,"comment_status":"open","ping_status":"open","sticky":false,"template":"","format":"standard","meta":{"footnotes":""},"categories":[1],"tags":[],"class_list":["post-3114","post","type-post","status-publish","format-standard","has-post-thumbnail","hentry","category-uncategorized"],"_links":{"self":[{"href":"https:\/\/radiogjilani.com\/index.php\/wp-json\/wp\/v2\/posts\/3114","targetHints":{"allow":["GET"]}}],"collection":[{"href":"https:\/\/radiogjilani.com\/index.php\/wp-json\/wp\/v2\/posts"}],"about":[{"href":"https:\/\/radiogjilani.com\/index.php\/wp-json\/wp\/v2\/types\/post"}],"author":[{"embeddable":true,"href":"https:\/\/radiogjilani.com\/index.php\/wp-json\/wp\/v2\/users\/1"}],"replies":[{"embeddable":true,"href":"https:\/\/radiogjilani.com\/index.php\/wp-json\/wp\/v2\/comments?post=3114"}],"version-history":[{"count":0,"href":"https:\/\/radiogjilani.com\/index.php\/wp-json\/wp\/v2\/posts\/3114\/revisions"}],"wp:featuredmedia":[{"embeddable":true,"href":"https:\/\/radiogjilani.com\/index.php\/wp-json\/wp\/v2\/media\/3115"}],"wp:attachment":[{"href":"https:\/\/radiogjilani.com\/index.php\/wp-json\/wp\/v2\/media?parent=3114"}],"wp:term":[{"taxonomy":"category","embeddable":true,"href":"https:\/\/radiogjilani.com\/index.php\/wp-json\/wp\/v2\/categories?post=3114"},{"taxonomy":"post_tag","embeddable":true,"href":"https:\/\/radiogjilani.com\/index.php\/wp-json\/wp\/v2\/tags?post=3114"}],"curies":[{"name":"wp","href":"https:\/\/api.w.org\/{rel}","templated":true}]}}