{"id":3116,"date":"2024-05-21T01:23:26","date_gmt":"2024-05-21T01:23:26","guid":{"rendered":"https:\/\/radiogjilani.com\/index.php\/2024\/05\/21\/irani-ka-kerkuar-ndihmen-e-shba-ve-per-incidentin-e-raisit\/"},"modified":"2024-05-21T01:23:26","modified_gmt":"2024-05-21T01:23:26","slug":"irani-ka-kerkuar-ndihmen-e-shba-ve-per-incidentin-e-raisit","status":"publish","type":"post","link":"https:\/\/radiogjilani.com\/index.php\/2024\/05\/21\/irani-ka-kerkuar-ndihmen-e-shba-ve-per-incidentin-e-raisit\/","title":{"rendered":"Irani ka k\u00ebrkuar ndihm\u00ebn e SHBA-ve p\u00ebr incidentin e Raisit"},"content":{"rendered":"<p>Irani ka k\u00ebrkuar ndihm\u00ebn e Shteteve t\u00eb Bashkuara t\u00eb Amerik\u00ebs n\u00eb lidhje me aksidentin q\u00eb vrau presidentin Ebrahim Raisi.<\/p>\n<p>K\u00ebshtu t\u00eb pakt\u00ebn b\u00ebri me dije Departamenti i Shtetit.<\/p>\n<p>Nd\u00ebrkaq mediat shtet\u00ebrore iraniane b\u00ebn\u00eb me dije se rr\u00ebzimi i helikopterit n\u00eb t\u00eb cilin humbi jet\u00ebn presidenti iranian, Ebrahim Raisi, ndodhi p\u00ebr shkak t\u00eb nj\u00eb \u201cd\u00ebshtimi teknik\u201d.<\/p>\n<p>Dega iraniane e rrjetit humanitar t\u00eb Gjysm\u00ebh\u00ebn\u00ebs s\u00eb Kuqe tha t\u00eb h\u00ebn\u00ebn se ekipet e saj t\u00eb k\u00ebrkimit dhe shp\u00ebtimit kishin arritur n\u00eb vendin e rr\u00ebzimit dhe \u201cnuk gjet\u00ebn asnj\u00eb shenj\u00eb se pasagjer\u00ebt e helikopterit ishin gjall\u00eb\u201d.<\/p>\n<div class=\"ads square\">\n<p>    <a href=\"https:\/\/track.adform.net\/C\/?bn=73199340;C=0\" target=\"_blank\" rel=\"noopener\"><br \/>\n    <img loading=\"lazy\" decoding=\"async\" src=\"https:\/\/track.adform.net\/adfserve\/?bn=73199340;srctype=4;ord=%5Btimestamp%5D\" border=\"0\" width=\"300\" height=\"250\" alt=\"reklama iqos\"><br \/>\n    <\/a><\/p><\/div>\n<p>Zbulimi i rr\u00ebnojave t\u00eb djegura t\u00eb helikopterit t\u00eb Raisit midis pem\u00ebve pasoi or\u00eb t\u00eb t\u00ebra k\u00ebrkimesh.<\/p>\n<p>Ministri i Jasht\u00ebm, Hossein Amir-Abdollahian, ishte gjithashtu n\u00eb bord dhe supozohet i vdekur, s\u00eb bashku me kreun e gard\u00ebs presidenciale Mehdi Mousavi, Guvernatorin e Azerbajxhanit Lindor, Malek Rahmati, p\u00ebrfaq\u00ebsuesin e Udh\u00ebheq\u00ebsit Suprem iranian n\u00eb Azerbajxhanin Lindor, Mohammad Ali Ale-Hashem dhe ekuipazhin.<\/p>\n<p>Raisi, 63 vje\u00e7, ishte nj\u00eb klerik konservator dhe ish-shefi i drejt\u00ebsis\u00eb, i cili ishte p\u00ebrgjegj\u00ebs p\u00ebr dekada t\u00eb t\u00ebra goditjesh t\u00eb egra kund\u00ebr aspiratave t\u00eb popullit t\u00eb tij p\u00ebr liri.<\/p>\n<p>I shkolluar n\u00eb qytetin seminarik t\u00eb Qom dhe i quajtur \u201ckasapi\u201d, ai pretendohej se ishte p\u00ebrfshir\u00eb n\u00eb ekzekutimin e mij\u00ebra t\u00eb burgosurve politik\u00eb n\u00eb fund t\u00eb viteve 1980, sipas opozit\u00ebs iraniane.<\/p>\n<p>Si shef i drejt\u00ebsis\u00eb, ai ishte gjithashtu p\u00ebrgjegj\u00ebs p\u00ebr val\u00ebn e arrestimeve dhe ekzekutimeve q\u00eb pasuan protestat masive kund\u00ebr regjimit n\u00eb 2019-2020.<\/p>\n<p>The post <a rel=\"nofollow\" href=\"https:\/\/albanianpost.com\/irani-ka-kerkuar-ndihmen-e-shba-ve-per-incidentin-e-raisit\/\">Irani ka k\u00ebrkuar ndihm\u00ebn e SHBA-ve p\u00ebr incidentin e Raisit<\/a> appeared first on <a rel=\"nofollow\" href=\"https:\/\/albanianpost.com\/\">Albanian Post<\/a>.<\/p>\n","protected":false},"excerpt":{"rendered":"<p>Irani ka k\u00ebrkuar ndihm\u00ebn e Shteteve t\u00eb Bashkuara t\u00eb Amerik\u00ebs n\u00eb lidhje me aksidentin q\u00eb vrau presidentin Ebrahim Raisi. K\u00ebshtu t\u00eb pakt\u00ebn b\u00ebri me dije Departamenti i Shtetit. Nd\u00ebrkaq mediat shtet\u00ebrore iraniane b\u00ebn\u00eb me dije se rr\u00ebzimi i helikopterit n\u00eb t\u00eb cilin humbi jet\u00ebn presidenti iranian, Ebrahim Raisi, ndodhi p\u00ebr shkak t\u00eb nj\u00eb \u201cd\u00ebshtimi teknik\u201d. [&hellip;]<\/p>\n","protected":false},"author":1,"featured_media":3117,"comment_status":"open","ping_status":"open","sticky":false,"template":"","format":"standard","meta":{"footnotes":""},"categories":[1],"tags":[],"class_list":["post-3116","post","type-post","status-publish","format-standard","has-post-thumbnail","hentry","category-uncategorized"],"_links":{"self":[{"href":"https:\/\/radiogjilani.com\/index.php\/wp-json\/wp\/v2\/posts\/3116","targetHints":{"allow":["GET"]}}],"collection":[{"href":"https:\/\/radiogjilani.com\/index.php\/wp-json\/wp\/v2\/posts"}],"about":[{"href":"https:\/\/radiogjilani.com\/index.php\/wp-json\/wp\/v2\/types\/post"}],"author":[{"embeddable":true,"href":"https:\/\/radiogjilani.com\/index.php\/wp-json\/wp\/v2\/users\/1"}],"replies":[{"embeddable":true,"href":"https:\/\/radiogjilani.com\/index.php\/wp-json\/wp\/v2\/comments?post=3116"}],"version-history":[{"count":0,"href":"https:\/\/radiogjilani.com\/index.php\/wp-json\/wp\/v2\/posts\/3116\/revisions"}],"wp:featuredmedia":[{"embeddable":true,"href":"https:\/\/radiogjilani.com\/index.php\/wp-json\/wp\/v2\/media\/3117"}],"wp:attachment":[{"href":"https:\/\/radiogjilani.com\/index.php\/wp-json\/wp\/v2\/media?parent=3116"}],"wp:term":[{"taxonomy":"category","embeddable":true,"href":"https:\/\/radiogjilani.com\/index.php\/wp-json\/wp\/v2\/categories?post=3116"},{"taxonomy":"post_tag","embeddable":true,"href":"https:\/\/radiogjilani.com\/index.php\/wp-json\/wp\/v2\/tags?post=3116"}],"curies":[{"name":"wp","href":"https:\/\/api.w.org\/{rel}","templated":true}]}}